{"id":66581,"date":"2025-08-12T01:58:08","date_gmt":"2025-08-12T01:58:08","guid":{"rendered":"https:\/\/lahora.mx\/?p=66581"},"modified":"2025-08-12T01:58:09","modified_gmt":"2025-08-12T01:58:09","slug":"sindicato-y-volkswagen-puebla-inician-negociacion-salarial-a-una-semana-de-posible-huelga","status":"publish","type":"post","link":"https:\/\/lahora.mx\/index.php\/2025\/08\/12\/sindicato-y-volkswagen-puebla-inician-negociacion-salarial-a-una-semana-de-posible-huelga\/","title":{"rendered":"Sindicato y Volkswagen Puebla inician negociaci\u00f3n salarial a una semana de posible huelga"},"content":{"rendered":"\n<p>El Sindicato Independiente de Trabajadores de la Industria Automotriz Volkswagen de M\u00e9xico (SITIAVW) y la empresa dejaron hasta el \u00faltimo momento la revisi\u00f3n salarial 2025, pues apenas este lunes comenzaron las negociaciones formales, a solo una semana de que venza el plazo para iniciar una posible huelga en la planta de Puebla, el pr\u00f3ximo 18 de agosto a las 11:00 horas.<\/p>\n\n\n\n<p>Seg\u00fan fuentes internas de la f\u00e1brica, que pidieron anonimato, el proceso oficial inici\u00f3 con la entrega del pliego petitorio por parte del sindicato el 18 de julio, donde solicitaron un incremento del 14 por ciento. Sin embargo, a pesar de que la petici\u00f3n fue presentada hace casi un mes, las mesas de negociaci\u00f3n no se instalaron sino hasta este 11 de agosto.<br><br>Esta demora en iniciar las pl\u00e1ticas se vincula, en parte, a una pausa en las actividades de la planta que se llev\u00f3 a cabo del 20 de julio al 2 de agosto, la cual tuvo como objetivo principal la recuperaci\u00f3n de los stocks de seguridad de materiales en las l\u00edneas productivas, una medida necesaria para asegurar la continuidad de la producci\u00f3n una vez que se reanudaran las operaciones.<\/p>\n\n\n\n<p>Seg\u00fan dichas fuentes, lo que se sabe es que el sindicato mantiene firme su demanda de un aumento salarial del 14 por ciento y la empresa a\u00fan no ha presentado ninguna contraoferta.<\/p>\n\n\n\n<p>Incluso, acudir\u00e1n en los pr\u00f3ximos d\u00edas a la Ciudad de M\u00e9xico para continuar con la negociaci\u00f3n ante las autoridades del Centro Federal de Conciliaci\u00f3n y Registro Laboral.<\/p>\n\n\n\n<p>Este retraso o llevar la negociaci\u00f3n al l\u00edmite ha dejado en incertidumbre a la base trabajadora, que incluso asegura que se trata de algo malintencionado o preparado para irse a huelga, ya que considera que la empresa podr\u00eda necesitar detener actividades debido a la incertidumbre comercial internacional.<\/p>\n\n\n\n<p>El Sol de Puebla solicit\u00f3 un posicionamiento oficial a los l\u00edderes sindicales, Hugo Zeteno y Hugo Tlalpa Luna, pero hasta el cierre de esta edici\u00f3n no se recibi\u00f3 respuesta por parte de ninguna de las partes involucradas.<br><br>Cabe recordar que, en preparaci\u00f3n a un posible paro, el sindicato ha comenzado a organizar a sus afiliados para actuar como jefes de caseta, quienes estar\u00edan encargados de resguardar los accesos a la planta en caso de que las negociaciones fracasen y la huelga se active.<\/p>\n","protected":false},"excerpt":{"rendered":"<p>El Sindicato Independiente de Trabajadores de la Industria Automotriz Volkswagen de M\u00e9xico (SITIAVW) y la empresa dejaron hasta el \u00faltimo momento la revisi\u00f3n salarial 2025, pues apenas este lunes comenzaron las negociaciones formales, a solo una semana de que venza el plazo para iniciar una posible huelga en la planta de Puebla, el pr\u00f3ximo 18 [&hellip;]<\/p>\n","protected":false},"author":4,"featured_media":66582,"comment_status":"open","ping_status":"open","sticky":false,"template":"","format":"standard","meta":{"om_disable_all_campaigns":false,"_monsterinsights_skip_tracking":false,"_monsterinsights_sitenote_active":false,"_monsterinsights_sitenote_note":"","_monsterinsights_sitenote_category":0,"footnotes":""},"categories":[175],"tags":[195,223],"class_list":["post-66581","post","type-post","status-publish","format-standard","has-post-thumbnail","hentry","category-local","tag-principal","tag-puebla"],"amp_enabled":true,"_links":{"self":[{"href":"https:\/\/lahora.mx\/index.php\/wp-json\/wp\/v2\/posts\/66581","targetHints":{"allow":["GET"]}}],"collection":[{"href":"https:\/\/lahora.mx\/index.php\/wp-json\/wp\/v2\/posts"}],"about":[{"href":"https:\/\/lahora.mx\/index.php\/wp-json\/wp\/v2\/types\/post"}],"author":[{"embeddable":true,"href":"https:\/\/lahora.mx\/index.php\/wp-json\/wp\/v2\/users\/4"}],"replies":[{"embeddable":true,"href":"https:\/\/lahora.mx\/index.php\/wp-json\/wp\/v2\/comments?post=66581"}],"version-history":[{"count":1,"href":"https:\/\/lahora.mx\/index.php\/wp-json\/wp\/v2\/posts\/66581\/revisions"}],"predecessor-version":[{"id":66583,"href":"https:\/\/lahora.mx\/index.php\/wp-json\/wp\/v2\/posts\/66581\/revisions\/66583"}],"wp:featuredmedia":[{"embeddable":true,"href":"https:\/\/lahora.mx\/index.php\/wp-json\/wp\/v2\/media\/66582"}],"wp:attachment":[{"href":"https:\/\/lahora.mx\/index.php\/wp-json\/wp\/v2\/media?parent=66581"}],"wp:term":[{"taxonomy":"category","embeddable":true,"href":"https:\/\/lahora.mx\/index.php\/wp-json\/wp\/v2\/categories?post=66581"},{"taxonomy":"post_tag","embeddable":true,"href":"https:\/\/lahora.mx\/index.php\/wp-json\/wp\/v2\/tags?post=66581"}],"curies":[{"name":"wp","href":"https:\/\/api.w.org\/{rel}","templated":true}]}}