{"id":66572,"date":"2025-08-12T00:08:27","date_gmt":"2025-08-12T00:08:27","guid":{"rendered":"https:\/\/lahora.mx\/?p=66572"},"modified":"2025-08-12T00:08:28","modified_gmt":"2025-08-12T00:08:28","slug":"ya-hay-platicas-para-que-google-microsoft-y-amazon-lleguen-a-puebla","status":"publish","type":"post","link":"https:\/\/lahora.mx\/index.php\/2025\/08\/12\/ya-hay-platicas-para-que-google-microsoft-y-amazon-lleguen-a-puebla\/","title":{"rendered":"Ya hay pl\u00e1ticas para que Google, Microsoft y Amazon lleguen a Puebla"},"content":{"rendered":"\n<p>La titular de Secihti, Celina Pe\u00f1a Guzm\u00e1n, inform\u00f3 hoy que se est\u00e1 gestionando la instalaci\u00f3n en Puebla de los gigantes tecnol\u00f3gicos Amazon, Google y Microsoft y revel\u00f3 que ya tiene avances al respecto que se dar\u00e1n a conocer pr\u00f3ximamente.<\/p>\n\n\n\n<p>\u201cEstamos tratando de generar un ecosistema con las principales empresas de base tecnol\u00f3gica del mundo para que puedan venirse. A\u00fan seguimos en pl\u00e1ticas, hay avances con Amazon y con Google ya tenemos avances en firme que daremos a conocer una vez que podamos concretarlos\u201d, revel\u00f3.<\/p>\n\n\n\n<p>Durante la conferencia de prensa del gobernador Alejandro Armenta, la titular de la Secretar\u00eda de Ciencia, Humanidades, Tecnolog\u00eda e Innovaci\u00f3n (Secihti) indic\u00f3 que lo que se busca con estas grandes empresas es crear un ecosistema de programas educativos para ni\u00f1os y j\u00f3venes, que les permita prepararse para estudiar carreras de ingenier\u00edas.<br>\u201cPara atraer empresas de base tecnol\u00f3gica, ya estamos trabajando con Amazon para que se vengan. Con Google igual, de echo Google ha venido varias veces, tuvimos una capacitaci\u00f3n para trabajadores y funcionarios\u201d, coment\u00f3 la funcionaria.<\/p>\n\n\n\n<p>Pe\u00f1a Guzm\u00e1n coment\u00f3 que ya existe un acuerdo en firme con la Benem\u00e9rita Universidad Aut\u00f3noma de Puebla (BUAP) para crear la Licenciatura en Dise\u00f1o de Semiconductores, as\u00ed como para la incorporaci\u00f3n de especialistas de la BUAP en el proyecto de creaci\u00f3n de la S\u00fapercomputadora en Puebla.<\/p>\n\n\n\n<p>Coment\u00f3 que se est\u00e1 trabajando con el INAOE y el Cecyct para generar estudios a nivel medio superior en dise\u00f1o de semiconductores, aunado al programa Electro Tlalli con la misma finalidad que la Sechiti ofrece.<\/p>\n\n\n\n<p>La funcionaria revel\u00f3 que en enero se pondr\u00e1 la primera piedra para la construcci\u00f3n del campus de la Universidad Rosario Castellanos en el municipio de Cuautlancingo, mismo que albergar\u00e1 carreras del \u00c1rea de la Salud.<\/p>\n\n\n\n<p>Se trata de uno de los dos campus que est\u00e1n previstos para la entidad, ya que tambi\u00e9n se prev\u00e9 construir otro en el municipio de Eloxochitl\u00e1n.<\/p>\n\n\n\n<p>No obstante, la secretaria indic\u00f3 que en las pr\u00f3ximas semanas se lanzar\u00e1 la convocatoria para aquellos alumnos que deseen formar parte de esta casa de estudios federal, en tanto que las clases empezar\u00edan en las instalaciones de la Universidad Tecnol\u00f3gica de Puebla (UTP).<\/p>\n\n\n\n<p>Entregar\u00e1n planos del Astroparque hoy<\/p>\n\n\n\n<p>En cuanto al Astroparque, junto al Gran Telescopio Milim\u00e9trico de la Sierra Negra, la secretaria revel\u00f3 que el d\u00eda de hoy ser\u00e1n entregados los planos que, a su vez, ser\u00e1n utilizados para realizar la maqueta que estar\u00e1 disponible al p\u00fablico en el Parque Estatal Flor del Bosque.<\/p>\n\n\n\n<p>Sobre el tema tambi\u00e9n coment\u00f3 el gobernador Alejandro Armenta, quien se\u00f1al\u00f3 se trata de un proyecto \u00fanico en el pa\u00eds y reiter\u00f3 que se busca de este modo impulsar a la Sierra Negra poblana.<\/p>\n\n\n\n<p>Se estima que el Astroparque sea inaugurado a finales de 2026, de acuerdo con previas declaraciones del jefe del Ejecutivo estatal.<\/p>\n","protected":false},"excerpt":{"rendered":"<p>La titular de Secihti, Celina Pe\u00f1a Guzm\u00e1n, inform\u00f3 hoy que se est\u00e1 gestionando la instalaci\u00f3n en Puebla de los gigantes tecnol\u00f3gicos Amazon, Google y Microsoft y revel\u00f3 que ya tiene avances al respecto que se dar\u00e1n a conocer pr\u00f3ximamente. \u201cEstamos tratando de generar un ecosistema con las principales empresas de base tecnol\u00f3gica del mundo para [&hellip;]<\/p>\n","protected":false},"author":4,"featured_media":66573,"comment_status":"open","ping_status":"open","sticky":false,"template":"","format":"standard","meta":{"om_disable_all_campaigns":false,"_monsterinsights_skip_tracking":false,"_monsterinsights_sitenote_active":false,"_monsterinsights_sitenote_note":"","_monsterinsights_sitenote_category":0,"footnotes":""},"categories":[175,181],"tags":[195,223],"class_list":["post-66572","post","type-post","status-publish","format-standard","has-post-thumbnail","hentry","category-local","category-tech","tag-principal","tag-puebla"],"amp_enabled":true,"_links":{"self":[{"href":"https:\/\/lahora.mx\/index.php\/wp-json\/wp\/v2\/posts\/66572","targetHints":{"allow":["GET"]}}],"collection":[{"href":"https:\/\/lahora.mx\/index.php\/wp-json\/wp\/v2\/posts"}],"about":[{"href":"https:\/\/lahora.mx\/index.php\/wp-json\/wp\/v2\/types\/post"}],"author":[{"embeddable":true,"href":"https:\/\/lahora.mx\/index.php\/wp-json\/wp\/v2\/users\/4"}],"replies":[{"embeddable":true,"href":"https:\/\/lahora.mx\/index.php\/wp-json\/wp\/v2\/comments?post=66572"}],"version-history":[{"count":1,"href":"https:\/\/lahora.mx\/index.php\/wp-json\/wp\/v2\/posts\/66572\/revisions"}],"predecessor-version":[{"id":66574,"href":"https:\/\/lahora.mx\/index.php\/wp-json\/wp\/v2\/posts\/66572\/revisions\/66574"}],"wp:featuredmedia":[{"embeddable":true,"href":"https:\/\/lahora.mx\/index.php\/wp-json\/wp\/v2\/media\/66573"}],"wp:attachment":[{"href":"https:\/\/lahora.mx\/index.php\/wp-json\/wp\/v2\/media?parent=66572"}],"wp:term":[{"taxonomy":"category","embeddable":true,"href":"https:\/\/lahora.mx\/index.php\/wp-json\/wp\/v2\/categories?post=66572"},{"taxonomy":"post_tag","embeddable":true,"href":"https:\/\/lahora.mx\/index.php\/wp-json\/wp\/v2\/tags?post=66572"}],"curies":[{"name":"wp","href":"https:\/\/api.w.org\/{rel}","templated":true}]}}