{"id":66569,"date":"2025-08-12T00:06:14","date_gmt":"2025-08-12T00:06:14","guid":{"rendered":"https:\/\/lahora.mx\/?p=66569"},"modified":"2025-08-12T00:06:14","modified_gmt":"2025-08-12T00:06:14","slug":"denuncian-conductores-de-app-en-puebla-aumento-de-robos-y-ausencia-de-apoyo-de-plataformas","status":"publish","type":"post","link":"https:\/\/lahora.mx\/index.php\/2025\/08\/12\/denuncian-conductores-de-app-en-puebla-aumento-de-robos-y-ausencia-de-apoyo-de-plataformas\/","title":{"rendered":"Denuncian conductores de app en Puebla aumento de robos y ausencia de apoyo de plataformas"},"content":{"rendered":"\n<p>asaltados y uno m\u00e1s desapareci\u00f3 en San Pedro Cholula, denunciaron Jessica Reyes y Hugo Nocelo Austria, voceros del colectivo Conductores con Voz, quienes adem\u00e1s advirtieron que la inseguridad contra ellos se ha intensificado en Puebla.<\/p>\n\n\n\n<p>En entrevista, Reyes dio a conocer que las y los conductores de plataforma en Puebla se han enfrentado a m\u00e1s casos de violencia en d\u00edas recientes. Asegur\u00f3 que esta situaci\u00f3n ha sido constante y precis\u00f3 que las personas m\u00e1s vulnerables son quienes no cuentan con una red de apoyo.<\/p>\n\n\n\n<p>Seg\u00fan la vocera del colectivo, no existen datos oficiales sobre robos y asaltos contra el gremio. No obstante, precis\u00f3 que, al menos en el \u00faltimo mes, se registraron tres robos y la desaparici\u00f3n de un conductor que circulaba sobre bulevar Forjadores, en San Pedro Cholula.<\/p>\n\n\n\n<p>En ese sentido, enfatiz\u00f3 que muchos casos no se denuncian por temor a represalias, lo cual se agudiza ante la falta de acompa\u00f1amiento por parte de las plataformas.<br><br>Por ese motivo, indic\u00f3 que la Secretar\u00eda de Movilidad y Transporte (SMT) estatal debe robustecer los mecanismos de vigilancia de las empresas que brindan estos servicios, pues adem\u00e1s de deslindarse de ofrecer acompa\u00f1amiento a quienes viven estos hechos, tampoco atienden las brechas de inseguridad que permiten la creaci\u00f3n de cuentas falsas.<\/p>\n\n\n\n<p>Del mismo modo, Reyes afirm\u00f3 que el colectivo solicita a la Secretar\u00eda de Seguridad P\u00fablica (SSP) estatal, adem\u00e1s de las corporaciones policiales de la zona metropolitana de Puebla, que ofrezcan mayor seguridad en los trayectos de las y los conductores.<\/p>\n\n\n\n<p>Acusan falta de entrega de documentos para circular<br>Por otra parte, la vocera tambi\u00e9n revel\u00f3 que persiste la falta de entrega de las c\u00e9dulas de identificaci\u00f3n vehicular para transporte ejecutivo, las cuales deben ser emitidas por las empresas junto con la SMT.<\/p>\n\n\n\n<p>Seg\u00fan indic\u00f3, el problema de no contar con este documento es que los conductores han sido multados con sanciones de hasta 50 mil pesos. De acuerdo con Reyes, las compa\u00f1\u00edas han argumentado que el retraso se debe a que la SMT no ha entregado dichas identificaciones.<\/p>\n","protected":false},"excerpt":{"rendered":"<p>asaltados y uno m\u00e1s desapareci\u00f3 en San Pedro Cholula, denunciaron Jessica Reyes y Hugo Nocelo Austria, voceros del colectivo Conductores con Voz, quienes adem\u00e1s advirtieron que la inseguridad contra ellos se ha intensificado en Puebla. En entrevista, Reyes dio a conocer que las y los conductores de plataforma en Puebla se han enfrentado a m\u00e1s [&hellip;]<\/p>\n","protected":false},"author":4,"featured_media":66570,"comment_status":"open","ping_status":"open","sticky":false,"template":"","format":"standard","meta":{"om_disable_all_campaigns":false,"_monsterinsights_skip_tracking":false,"_monsterinsights_sitenote_active":false,"_monsterinsights_sitenote_note":"","_monsterinsights_sitenote_category":0,"footnotes":""},"categories":[175],"tags":[223],"class_list":["post-66569","post","type-post","status-publish","format-standard","has-post-thumbnail","hentry","category-local","tag-puebla"],"amp_enabled":true,"_links":{"self":[{"href":"https:\/\/lahora.mx\/index.php\/wp-json\/wp\/v2\/posts\/66569","targetHints":{"allow":["GET"]}}],"collection":[{"href":"https:\/\/lahora.mx\/index.php\/wp-json\/wp\/v2\/posts"}],"about":[{"href":"https:\/\/lahora.mx\/index.php\/wp-json\/wp\/v2\/types\/post"}],"author":[{"embeddable":true,"href":"https:\/\/lahora.mx\/index.php\/wp-json\/wp\/v2\/users\/4"}],"replies":[{"embeddable":true,"href":"https:\/\/lahora.mx\/index.php\/wp-json\/wp\/v2\/comments?post=66569"}],"version-history":[{"count":1,"href":"https:\/\/lahora.mx\/index.php\/wp-json\/wp\/v2\/posts\/66569\/revisions"}],"predecessor-version":[{"id":66571,"href":"https:\/\/lahora.mx\/index.php\/wp-json\/wp\/v2\/posts\/66569\/revisions\/66571"}],"wp:featuredmedia":[{"embeddable":true,"href":"https:\/\/lahora.mx\/index.php\/wp-json\/wp\/v2\/media\/66570"}],"wp:attachment":[{"href":"https:\/\/lahora.mx\/index.php\/wp-json\/wp\/v2\/media?parent=66569"}],"wp:term":[{"taxonomy":"category","embeddable":true,"href":"https:\/\/lahora.mx\/index.php\/wp-json\/wp\/v2\/categories?post=66569"},{"taxonomy":"post_tag","embeddable":true,"href":"https:\/\/lahora.mx\/index.php\/wp-json\/wp\/v2\/tags?post=66569"}],"curies":[{"name":"wp","href":"https:\/\/api.w.org\/{rel}","templated":true}]}}