{"id":66563,"date":"2025-08-11T16:51:33","date_gmt":"2025-08-11T16:51:33","guid":{"rendered":"https:\/\/lahora.mx\/?p=66563"},"modified":"2025-08-11T16:51:34","modified_gmt":"2025-08-11T16:51:34","slug":"obtiene-fge-prision-contra-3-personas-por-doble-homicidio-en-la-puebla-cordoba","status":"publish","type":"post","link":"https:\/\/lahora.mx\/index.php\/2025\/08\/11\/obtiene-fge-prision-contra-3-personas-por-doble-homicidio-en-la-puebla-cordoba\/","title":{"rendered":"Obtiene FGE prisi\u00f3n contra 3 personas por doble homicidio en la Puebla-C\u00f3rdoba"},"content":{"rendered":"\n<p>La Fiscal\u00eda General del Estado de Puebla informa que formul\u00f3 imputaci\u00f3n y obtuvo prisi\u00f3n preventiva en contra de Darinel N., Jos\u00e9 N. y Marco Antonio N., detenidos por su presunta participaci\u00f3n en la privaci\u00f3n de la vida de dos personas, ocurrido el pasado 5 de agosto, sobre la autopista Puebla &#8211; C\u00f3rdoba.<br><br>De acuerdo con las investigaciones, los hoy imputados, quienes viajaban a bordo de una camioneta, interceptaron a una familia que circulaba en dos veh\u00edculos. Tras obligarlos a detener su marcha, realizaron disparos con armas de fuego con la finalidad de asaltarlos, lo que provoc\u00f3 el fallecimiento de dos hombres y lesiones a un tercero, quien actualmente se encuentra estable.<\/p>\n\n\n\n<p>Minutos despu\u00e9s del hecho, elementos policiales de la ciudad de Puebla lograron la detenci\u00f3n de los presuntos responsables, quienes fueron puestos a disposici\u00f3n del agente del Ministerio P\u00fablico.<\/p>\n\n\n\n<p>Una vez ejercitada la acci\u00f3n penal en su contra, los detenidos fueron presentados ante el Juez de Control. Durante la audiencia inicial, la Fiscal\u00eda del Estado formul\u00f3 imputaci\u00f3n por los delitos de homicidio calificado, homicidio calificado en grado de tentativa, robo de veh\u00edculo agravado y portaci\u00f3n de arma de fuego de uso exclusivo del Ej\u00e9rcito.<\/p>\n\n\n\n<p>Con base en los datos de prueba presentados, el Juez determin\u00f3 imponerles la medida cautelar de prisi\u00f3n preventiva, en tanto su vinculaci\u00f3n a proceso se encuentra pendiente ya que solicitaron la duplicidad del t\u00e9rmino constitucional el cual concluye el pr\u00f3ximo 12 de agosto.<\/p>\n","protected":false},"excerpt":{"rendered":"<p>La Fiscal\u00eda General del Estado de Puebla informa que formul\u00f3 imputaci\u00f3n y obtuvo prisi\u00f3n preventiva en contra de Darinel N., Jos\u00e9 N. y Marco Antonio N., detenidos por su presunta participaci\u00f3n en la privaci\u00f3n de la vida de dos personas, ocurrido el pasado 5 de agosto, sobre la autopista Puebla &#8211; C\u00f3rdoba. De acuerdo con [&hellip;]<\/p>\n","protected":false},"author":4,"featured_media":66564,"comment_status":"open","ping_status":"open","sticky":false,"template":"","format":"standard","meta":{"om_disable_all_campaigns":false,"_monsterinsights_skip_tracking":false,"_monsterinsights_sitenote_active":false,"_monsterinsights_sitenote_note":"","_monsterinsights_sitenote_category":0,"footnotes":""},"categories":[175,226],"tags":[],"class_list":["post-66563","post","type-post","status-publish","format-standard","has-post-thumbnail","hentry","category-local","category-policia"],"amp_enabled":true,"_links":{"self":[{"href":"https:\/\/lahora.mx\/index.php\/wp-json\/wp\/v2\/posts\/66563","targetHints":{"allow":["GET"]}}],"collection":[{"href":"https:\/\/lahora.mx\/index.php\/wp-json\/wp\/v2\/posts"}],"about":[{"href":"https:\/\/lahora.mx\/index.php\/wp-json\/wp\/v2\/types\/post"}],"author":[{"embeddable":true,"href":"https:\/\/lahora.mx\/index.php\/wp-json\/wp\/v2\/users\/4"}],"replies":[{"embeddable":true,"href":"https:\/\/lahora.mx\/index.php\/wp-json\/wp\/v2\/comments?post=66563"}],"version-history":[{"count":1,"href":"https:\/\/lahora.mx\/index.php\/wp-json\/wp\/v2\/posts\/66563\/revisions"}],"predecessor-version":[{"id":66565,"href":"https:\/\/lahora.mx\/index.php\/wp-json\/wp\/v2\/posts\/66563\/revisions\/66565"}],"wp:featuredmedia":[{"embeddable":true,"href":"https:\/\/lahora.mx\/index.php\/wp-json\/wp\/v2\/media\/66564"}],"wp:attachment":[{"href":"https:\/\/lahora.mx\/index.php\/wp-json\/wp\/v2\/media?parent=66563"}],"wp:term":[{"taxonomy":"category","embeddable":true,"href":"https:\/\/lahora.mx\/index.php\/wp-json\/wp\/v2\/categories?post=66563"},{"taxonomy":"post_tag","embeddable":true,"href":"https:\/\/lahora.mx\/index.php\/wp-json\/wp\/v2\/tags?post=66563"}],"curies":[{"name":"wp","href":"https:\/\/api.w.org\/{rel}","templated":true}]}}