{"id":66560,"date":"2025-08-11T16:40:56","date_gmt":"2025-08-11T16:40:56","guid":{"rendered":"https:\/\/lahora.mx\/?p=66560"},"modified":"2025-08-11T16:40:57","modified_gmt":"2025-08-11T16:40:57","slug":"hallan-a-trailero-maniatado-con-vida-sobre-la-autopista-amozoc-perote","status":"publish","type":"post","link":"https:\/\/lahora.mx\/index.php\/2025\/08\/11\/hallan-a-trailero-maniatado-con-vida-sobre-la-autopista-amozoc-perote\/","title":{"rendered":"Hallan a trailero maniatado con vida sobre la autopista Amozoc-Perote"},"content":{"rendered":"\n<p>Un fuerte dispositivo de elementos de seguridad se present\u00f3 la tarde-noche del domingo, luego de que fuera hallado un trailero maniatado sobre la autopista Amozoc-Perote.<br><br>El hallazgo del hombre fue hecho en el tramo de la caseta de Cuapiaxtla a la de Amozoc a la altura de San Juan Tepulco, luego de que personas que circulaban por la zona vieron al hombre caminando por la zona y pidiendo auxilio, situaci\u00f3n que gener\u00f3 de inmediato hicieron el llamado a personal de seguridad.<\/p>\n\n\n\n<p>El hombre fue rescatado por elementos de la Guardia Nacional tras el llamado de testigos y luego de que realizaban patrullaje de rutina.<\/p>\n\n\n\n<p>Al ser cuestionado el hombre, se\u00f1ala que hab\u00eda sido asaltado por delincuentes durante la noche del s\u00e1bado quienes le robaron un tractocami\u00f3n y lo abandonaron en el lugar.<\/p>\n\n\n\n<p>Por fortuna la v\u00edctima no present\u00f3 lesiones de gravedad por lo que las autoridades ya investigan el atraco y el lugar donde fue arrojado ya que el hombre de qui\u00e9n hasta el momento se desconocen sus datos, camin\u00f3 horas para poder llegar a la vialidad m\u00e1s cercana y ser puesto a salvo.<\/p>\n","protected":false},"excerpt":{"rendered":"<p>Un fuerte dispositivo de elementos de seguridad se present\u00f3 la tarde-noche del domingo, luego de que fuera hallado un trailero maniatado sobre la autopista Amozoc-Perote. El hallazgo del hombre fue hecho en el tramo de la caseta de Cuapiaxtla a la de Amozoc a la altura de San Juan Tepulco, luego de que personas que [&hellip;]<\/p>\n","protected":false},"author":4,"featured_media":66561,"comment_status":"open","ping_status":"open","sticky":false,"template":"","format":"standard","meta":{"om_disable_all_campaigns":false,"_monsterinsights_skip_tracking":false,"_monsterinsights_sitenote_active":false,"_monsterinsights_sitenote_note":"","_monsterinsights_sitenote_category":0,"footnotes":""},"categories":[175,226],"tags":[223],"class_list":["post-66560","post","type-post","status-publish","format-standard","has-post-thumbnail","hentry","category-local","category-policia","tag-puebla"],"amp_enabled":true,"_links":{"self":[{"href":"https:\/\/lahora.mx\/index.php\/wp-json\/wp\/v2\/posts\/66560","targetHints":{"allow":["GET"]}}],"collection":[{"href":"https:\/\/lahora.mx\/index.php\/wp-json\/wp\/v2\/posts"}],"about":[{"href":"https:\/\/lahora.mx\/index.php\/wp-json\/wp\/v2\/types\/post"}],"author":[{"embeddable":true,"href":"https:\/\/lahora.mx\/index.php\/wp-json\/wp\/v2\/users\/4"}],"replies":[{"embeddable":true,"href":"https:\/\/lahora.mx\/index.php\/wp-json\/wp\/v2\/comments?post=66560"}],"version-history":[{"count":1,"href":"https:\/\/lahora.mx\/index.php\/wp-json\/wp\/v2\/posts\/66560\/revisions"}],"predecessor-version":[{"id":66562,"href":"https:\/\/lahora.mx\/index.php\/wp-json\/wp\/v2\/posts\/66560\/revisions\/66562"}],"wp:featuredmedia":[{"embeddable":true,"href":"https:\/\/lahora.mx\/index.php\/wp-json\/wp\/v2\/media\/66561"}],"wp:attachment":[{"href":"https:\/\/lahora.mx\/index.php\/wp-json\/wp\/v2\/media?parent=66560"}],"wp:term":[{"taxonomy":"category","embeddable":true,"href":"https:\/\/lahora.mx\/index.php\/wp-json\/wp\/v2\/categories?post=66560"},{"taxonomy":"post_tag","embeddable":true,"href":"https:\/\/lahora.mx\/index.php\/wp-json\/wp\/v2\/tags?post=66560"}],"curies":[{"name":"wp","href":"https:\/\/api.w.org\/{rel}","templated":true}]}}