{"id":66551,"date":"2025-08-11T16:28:08","date_gmt":"2025-08-11T16:28:08","guid":{"rendered":"https:\/\/lahora.mx\/?p=66551"},"modified":"2025-08-11T16:28:09","modified_gmt":"2025-08-11T16:28:09","slug":"choca-autobus-de-la-linea-sur-y-auto-particular-en-la-izucar-acatlan","status":"publish","type":"post","link":"https:\/\/lahora.mx\/index.php\/2025\/08\/11\/choca-autobus-de-la-linea-sur-y-auto-particular-en-la-izucar-acatlan\/","title":{"rendered":"Choca autob\u00fas de la l\u00ednea Sur y auto particular en la Iz\u00facar-Acatl\u00e1n"},"content":{"rendered":"\n<p>Un autob\u00fas de la l\u00ednea Sur choco contra un autom\u00f3vil particular Tsuru color blanco en la carretera Iz\u00facar de Matamoros-Acatl\u00e1n de Osorio a la altura del Tepenene dejando como saldo varios lesionados y da\u00f1os materiales.<br><br>En el autob\u00fas viajaban personas de la tercera edad y menores de edad, quienes resultaron lesionados; hasta el momento se desconoce el n\u00famero de heridos.<\/p>\n\n\n\n<p>Actualmente, la zona del percance no cuenta con se\u00f1al telef\u00f3nica, lo que complica la comunicaci\u00f3n y el reporte inmediato de la situaci\u00f3n.<\/p>\n\n\n\n<p>Fueron autoridades y cuerpos de emergencia quienes inmediatamente atendieron el accidente y trasladaron a los lesionados a nosocomios de la zona.<\/p>\n","protected":false},"excerpt":{"rendered":"<p>Un autob\u00fas de la l\u00ednea Sur choco contra un autom\u00f3vil particular Tsuru color blanco en la carretera Iz\u00facar de Matamoros-Acatl\u00e1n de Osorio a la altura del Tepenene dejando como saldo varios lesionados y da\u00f1os materiales. En el autob\u00fas viajaban personas de la tercera edad y menores de edad, quienes resultaron lesionados; hasta el momento se [&hellip;]<\/p>\n","protected":false},"author":4,"featured_media":66552,"comment_status":"open","ping_status":"open","sticky":false,"template":"","format":"standard","meta":{"om_disable_all_campaigns":false,"_monsterinsights_skip_tracking":false,"_monsterinsights_sitenote_active":false,"_monsterinsights_sitenote_note":"","_monsterinsights_sitenote_category":0,"footnotes":""},"categories":[175,226],"tags":[223],"class_list":["post-66551","post","type-post","status-publish","format-standard","has-post-thumbnail","hentry","category-local","category-policia","tag-puebla"],"amp_enabled":true,"_links":{"self":[{"href":"https:\/\/lahora.mx\/index.php\/wp-json\/wp\/v2\/posts\/66551","targetHints":{"allow":["GET"]}}],"collection":[{"href":"https:\/\/lahora.mx\/index.php\/wp-json\/wp\/v2\/posts"}],"about":[{"href":"https:\/\/lahora.mx\/index.php\/wp-json\/wp\/v2\/types\/post"}],"author":[{"embeddable":true,"href":"https:\/\/lahora.mx\/index.php\/wp-json\/wp\/v2\/users\/4"}],"replies":[{"embeddable":true,"href":"https:\/\/lahora.mx\/index.php\/wp-json\/wp\/v2\/comments?post=66551"}],"version-history":[{"count":1,"href":"https:\/\/lahora.mx\/index.php\/wp-json\/wp\/v2\/posts\/66551\/revisions"}],"predecessor-version":[{"id":66553,"href":"https:\/\/lahora.mx\/index.php\/wp-json\/wp\/v2\/posts\/66551\/revisions\/66553"}],"wp:featuredmedia":[{"embeddable":true,"href":"https:\/\/lahora.mx\/index.php\/wp-json\/wp\/v2\/media\/66552"}],"wp:attachment":[{"href":"https:\/\/lahora.mx\/index.php\/wp-json\/wp\/v2\/media?parent=66551"}],"wp:term":[{"taxonomy":"category","embeddable":true,"href":"https:\/\/lahora.mx\/index.php\/wp-json\/wp\/v2\/categories?post=66551"},{"taxonomy":"post_tag","embeddable":true,"href":"https:\/\/lahora.mx\/index.php\/wp-json\/wp\/v2\/tags?post=66551"}],"curies":[{"name":"wp","href":"https:\/\/api.w.org\/{rel}","templated":true}]}}