{"id":66545,"date":"2025-08-11T03:54:39","date_gmt":"2025-08-11T03:54:39","guid":{"rendered":"https:\/\/lahora.mx\/?p=66545"},"modified":"2025-08-11T03:54:41","modified_gmt":"2025-08-11T03:54:41","slug":"vinculan-a-proceso-a-el-pantera-y-su-banda-por-asesinar-a-chilangos-en-la-autopista-puebla-orizaba","status":"publish","type":"post","link":"https:\/\/lahora.mx\/index.php\/2025\/08\/11\/vinculan-a-proceso-a-el-pantera-y-su-banda-por-asesinar-a-chilangos-en-la-autopista-puebla-orizaba\/","title":{"rendered":"Vinculan a proceso a \u201cEl Pantera\u201d y su banda por asesinar a chilangos en la autopista Puebla-Orizaba"},"content":{"rendered":"\n<p>Los tres responsables, entre ellos \u201cEl Pantera\u201d, de asesinar a dos chilangos en la autopista Puebla-Orizaba durante un violento robo, fueron enviados a prisi\u00f3n acusados de homicidio calificado, homicidio calificado en grado de tentativa, robo de veh\u00edculo agravado y portaci\u00f3n de arma de fuego de uso exclusivo del Ej\u00e9rcito.<\/p>\n\n\n\n<p>La Fiscal\u00eda General del Estado, confirm\u00f3 que, los tres sujetos que fueron detenidos en pleno Centro Hist\u00f3rico tras presuntamente, participar en el homicidio de dos hombres, ocurrido el pasado 05 de agosto en la autopista Puebla-Orizaba, ya fueron imputados y se obtuvo prisi\u00f3n preventiva en su contra.<\/p>\n\n\n\n<p>Darinel N., Jos\u00e9 N., y Marco Antonio N., permanecer\u00e1n en prisi\u00f3n preventiva, en tanto su vinculaci\u00f3n a proceso se encuentra pendiente, puesto que, los imputados solicitaron la duplicidad del t\u00e9rmino constitucional, el cual, concluye el pr\u00f3ximo 12 de agosto.<\/p>\n\n\n\n<p>En ese sentido, la FGE destac\u00f3 que s\u00ed se trat\u00f3 de un intento de asalto, en el que, adem\u00e1s de los fallecidos, un tercer sujeto result\u00f3 lesionado pero ya se encuentra estable.<\/p>\n","protected":false},"excerpt":{"rendered":"<p>Los tres responsables, entre ellos \u201cEl Pantera\u201d, de asesinar a dos chilangos en la autopista Puebla-Orizaba durante un violento robo, fueron enviados a prisi\u00f3n acusados de homicidio calificado, homicidio calificado en grado de tentativa, robo de veh\u00edculo agravado y portaci\u00f3n de arma de fuego de uso exclusivo del Ej\u00e9rcito. La Fiscal\u00eda General del Estado, confirm\u00f3 [&hellip;]<\/p>\n","protected":false},"author":4,"featured_media":66546,"comment_status":"open","ping_status":"open","sticky":false,"template":"","format":"standard","meta":{"om_disable_all_campaigns":false,"_monsterinsights_skip_tracking":false,"_monsterinsights_sitenote_active":false,"_monsterinsights_sitenote_note":"","_monsterinsights_sitenote_category":0,"footnotes":""},"categories":[175,226],"tags":[195,223],"class_list":["post-66545","post","type-post","status-publish","format-standard","has-post-thumbnail","hentry","category-local","category-policia","tag-principal","tag-puebla"],"amp_enabled":true,"_links":{"self":[{"href":"https:\/\/lahora.mx\/index.php\/wp-json\/wp\/v2\/posts\/66545","targetHints":{"allow":["GET"]}}],"collection":[{"href":"https:\/\/lahora.mx\/index.php\/wp-json\/wp\/v2\/posts"}],"about":[{"href":"https:\/\/lahora.mx\/index.php\/wp-json\/wp\/v2\/types\/post"}],"author":[{"embeddable":true,"href":"https:\/\/lahora.mx\/index.php\/wp-json\/wp\/v2\/users\/4"}],"replies":[{"embeddable":true,"href":"https:\/\/lahora.mx\/index.php\/wp-json\/wp\/v2\/comments?post=66545"}],"version-history":[{"count":1,"href":"https:\/\/lahora.mx\/index.php\/wp-json\/wp\/v2\/posts\/66545\/revisions"}],"predecessor-version":[{"id":66547,"href":"https:\/\/lahora.mx\/index.php\/wp-json\/wp\/v2\/posts\/66545\/revisions\/66547"}],"wp:featuredmedia":[{"embeddable":true,"href":"https:\/\/lahora.mx\/index.php\/wp-json\/wp\/v2\/media\/66546"}],"wp:attachment":[{"href":"https:\/\/lahora.mx\/index.php\/wp-json\/wp\/v2\/media?parent=66545"}],"wp:term":[{"taxonomy":"category","embeddable":true,"href":"https:\/\/lahora.mx\/index.php\/wp-json\/wp\/v2\/categories?post=66545"},{"taxonomy":"post_tag","embeddable":true,"href":"https:\/\/lahora.mx\/index.php\/wp-json\/wp\/v2\/tags?post=66545"}],"curies":[{"name":"wp","href":"https:\/\/api.w.org\/{rel}","templated":true}]}}