{"id":66534,"date":"2025-08-10T23:42:02","date_gmt":"2025-08-10T23:42:02","guid":{"rendered":"https:\/\/lahora.mx\/?p=66534"},"modified":"2025-08-10T23:42:03","modified_gmt":"2025-08-10T23:42:03","slug":"gobierno-va-por-rehabilitacion-integral-de-la-zona-del-manantial-acuexcoma","status":"publish","type":"post","link":"https:\/\/lahora.mx\/index.php\/2025\/08\/10\/gobierno-va-por-rehabilitacion-integral-de-la-zona-del-manantial-acuexcoma\/","title":{"rendered":"Gobierno va por rehabilitaci\u00f3n integral de la zona del manantial Acuexcoma"},"content":{"rendered":"\n<p>La zona del manantial de Acuexcomac, ubicada en el municipio de San Pedro Cholula, ser\u00e1 nuevamente intervenida mediante trabajos de rehabilitaci\u00f3n a cargo de la administraci\u00f3n estatal de Alejandro Armenta Mier.<br>El Sistema Operador de los Servicios de Agua Potable y Alcantarillado del Estado de Puebla (SOAPAP) lanz\u00f3 una licitaci\u00f3n para la construcci\u00f3n de una empresa que se encargue del proyecto integral de rescate.<\/p>\n\n\n\n<p>A trav\u00e9s del documento publicado en el Peri\u00f3dico Oficial del Estado (POE), se establecen las fechas para el desarrollo del plan, el cual se pretende tener concluido para los \u00faltimos meses de este a\u00f1o.<\/p>\n\n\n\n<p>La Secretar\u00eda de Planeaci\u00f3n, Finanzas y Administraci\u00f3n de Puebla dar\u00e1 a conocer el pr\u00f3ximo 25 de agosto, el nombre de la constructora a quien le entregar\u00e1 el contrato.<\/p>\n\n\n\n<p>Se tiene previsto que el 28 de agosto inicien formalmente los trabajos que deber\u00e1n concluirse en un plazo de 56 d\u00edas naturales, es decir antes de que termine octubre.<\/p>\n\n\n\n<p>Aunque no se dan mayores especificaciones sobre las obras implicar\u00edan acciones para la recuperaci\u00f3n del manantial, este lugar fue declarado simb\u00f3licamente como extinto por una comunidad cholulteca.<\/p>\n\n\n\n<p>Lo anterior, debido a una sequ\u00eda que se deriv\u00f3 del proyecto iniciado en 1994 para la perforaci\u00f3n de pozos profundos en Nealtican y San Pedro Cholula para extraer agua y trasladarla a m\u00e1s de 80 colonias y fraccionamientos de la ciudad de Puebla.<\/p>\n\n\n\n<p>Esta es la segunda ocasi\u00f3n en que el SOAPAP pretende intervenir la zona del manantial, ya que en octubre de 2023 emiti\u00f3 una convocatoria similar, que se declar\u00f3 desierta, por lo cual no se hicieron los trabajos correspondientes.<\/p>\n","protected":false},"excerpt":{"rendered":"<p>La zona del manantial de Acuexcomac, ubicada en el municipio de San Pedro Cholula, ser\u00e1 nuevamente intervenida mediante trabajos de rehabilitaci\u00f3n a cargo de la administraci\u00f3n estatal de Alejandro Armenta Mier.El Sistema Operador de los Servicios de Agua Potable y Alcantarillado del Estado de Puebla (SOAPAP) lanz\u00f3 una licitaci\u00f3n para la construcci\u00f3n de una empresa [&hellip;]<\/p>\n","protected":false},"author":4,"featured_media":66535,"comment_status":"open","ping_status":"open","sticky":false,"template":"","format":"standard","meta":{"om_disable_all_campaigns":false,"_monsterinsights_skip_tracking":false,"_monsterinsights_sitenote_active":false,"_monsterinsights_sitenote_note":"","_monsterinsights_sitenote_category":0,"footnotes":""},"categories":[175],"tags":[239,223],"class_list":["post-66534","post","type-post","status-publish","format-standard","has-post-thumbnail","hentry","category-local","tag-gobierno","tag-puebla"],"amp_enabled":true,"_links":{"self":[{"href":"https:\/\/lahora.mx\/index.php\/wp-json\/wp\/v2\/posts\/66534","targetHints":{"allow":["GET"]}}],"collection":[{"href":"https:\/\/lahora.mx\/index.php\/wp-json\/wp\/v2\/posts"}],"about":[{"href":"https:\/\/lahora.mx\/index.php\/wp-json\/wp\/v2\/types\/post"}],"author":[{"embeddable":true,"href":"https:\/\/lahora.mx\/index.php\/wp-json\/wp\/v2\/users\/4"}],"replies":[{"embeddable":true,"href":"https:\/\/lahora.mx\/index.php\/wp-json\/wp\/v2\/comments?post=66534"}],"version-history":[{"count":1,"href":"https:\/\/lahora.mx\/index.php\/wp-json\/wp\/v2\/posts\/66534\/revisions"}],"predecessor-version":[{"id":66536,"href":"https:\/\/lahora.mx\/index.php\/wp-json\/wp\/v2\/posts\/66534\/revisions\/66536"}],"wp:featuredmedia":[{"embeddable":true,"href":"https:\/\/lahora.mx\/index.php\/wp-json\/wp\/v2\/media\/66535"}],"wp:attachment":[{"href":"https:\/\/lahora.mx\/index.php\/wp-json\/wp\/v2\/media?parent=66534"}],"wp:term":[{"taxonomy":"category","embeddable":true,"href":"https:\/\/lahora.mx\/index.php\/wp-json\/wp\/v2\/categories?post=66534"},{"taxonomy":"post_tag","embeddable":true,"href":"https:\/\/lahora.mx\/index.php\/wp-json\/wp\/v2\/tags?post=66534"}],"curies":[{"name":"wp","href":"https:\/\/api.w.org\/{rel}","templated":true}]}}