{"id":6652,"date":"2022-05-09T12:19:36","date_gmt":"2022-05-09T12:19:36","guid":{"rendered":"http:\/\/lahora.mx\/?p=6652"},"modified":"2022-05-09T12:20:17","modified_gmt":"2022-05-09T12:20:17","slug":"en-coronango-fue-hallado-un-cadaver-a-pocos-metros-de-la-ultima-ubicacion-de-los-3-jovenes-desaparecidos","status":"publish","type":"post","link":"https:\/\/lahora.mx\/index.php\/2022\/05\/09\/en-coronango-fue-hallado-un-cadaver-a-pocos-metros-de-la-ultima-ubicacion-de-los-3-jovenes-desaparecidos\/","title":{"rendered":"En Coronango fue hallado un cad\u00e1ver a pocos metros de la \u00faltima ubicaci\u00f3n de los 3 j\u00f3venes desaparecidos"},"content":{"rendered":"\n<p>La ma\u00f1ana de ayer fue encontrado el cuerpo sin vida de un hombre a tan&nbsp;<strong>solo 800 metros de la \u00faltima ubicaci\u00f3n enviada<\/strong>&nbsp;por los tres j\u00f3venes que desaparecieron en pasado 1 de mayo en Misiones de San Francisco, perteneciente al municipio de Coronango.<br><\/p>\n\n\n\n<p>De acuerdo con el testimonio Mar\u00eda Lizbeth, madre de Israel Brayan y Adolfo de 24, 17 y 16 a\u00f1os de edad &nbsp;inform\u00f3 en entrevista para Cambio que la \u00faltima ubicaci\u00f3n recibida por parte de&nbsp; uno de sus hijos antes de su desaparici\u00f3n, marc\u00f3 que se encontraban en la Secci\u00f3n 11 de dicha zona habitacional.<\/p>\n\n\n\n<p>Mientras que el cad\u00e1ver fue encontrado en la secci\u00f3n&nbsp;<strong>5B de Misiones de San Francisco,<\/strong>&nbsp;la cual se encuentra a menos de un kil\u00f3metro de distancia de donde desafortunadamente fueron desaparecidos los tres j\u00f3venes de los cuales dos son menores de edad.<\/p>\n\n\n\n<p>Hasta el momento la&nbsp;<strong>Fiscal\u00eda General del Estado (FGE)<\/strong>&nbsp;no ha dado informaci\u00f3n sobre la identidad del ahora occiso. Sin embargo, la tensi\u00f3n de los vecinos va en aumento tras la posibilidad de que se trate de uno de los tes hermanos que siguen sin ser encontrados.<\/p>\n","protected":false},"excerpt":{"rendered":"<p>La ma\u00f1ana de ayer fue encontrado el cuerpo sin vida de un hombre a tan&nbsp;solo 800 metros de la \u00faltima ubicaci\u00f3n enviada&nbsp;por los tres j\u00f3venes que desaparecieron en pasado 1 de mayo en Misiones de San Francisco, perteneciente al municipio de Coronango. De acuerdo con el testimonio Mar\u00eda Lizbeth, madre de Israel Brayan y Adolfo [&hellip;]<\/p>\n","protected":false},"author":4,"featured_media":6653,"comment_status":"open","ping_status":"open","sticky":false,"template":"","format":"standard","meta":{"om_disable_all_campaigns":false,"_monsterinsights_skip_tracking":false,"_monsterinsights_sitenote_active":false,"_monsterinsights_sitenote_note":"","_monsterinsights_sitenote_category":0,"footnotes":""},"categories":[175,226],"tags":[223],"class_list":["post-6652","post","type-post","status-publish","format-standard","has-post-thumbnail","hentry","category-local","category-policia","tag-puebla"],"amp_enabled":true,"_links":{"self":[{"href":"https:\/\/lahora.mx\/index.php\/wp-json\/wp\/v2\/posts\/6652","targetHints":{"allow":["GET"]}}],"collection":[{"href":"https:\/\/lahora.mx\/index.php\/wp-json\/wp\/v2\/posts"}],"about":[{"href":"https:\/\/lahora.mx\/index.php\/wp-json\/wp\/v2\/types\/post"}],"author":[{"embeddable":true,"href":"https:\/\/lahora.mx\/index.php\/wp-json\/wp\/v2\/users\/4"}],"replies":[{"embeddable":true,"href":"https:\/\/lahora.mx\/index.php\/wp-json\/wp\/v2\/comments?post=6652"}],"version-history":[{"count":2,"href":"https:\/\/lahora.mx\/index.php\/wp-json\/wp\/v2\/posts\/6652\/revisions"}],"predecessor-version":[{"id":6655,"href":"https:\/\/lahora.mx\/index.php\/wp-json\/wp\/v2\/posts\/6652\/revisions\/6655"}],"wp:featuredmedia":[{"embeddable":true,"href":"https:\/\/lahora.mx\/index.php\/wp-json\/wp\/v2\/media\/6653"}],"wp:attachment":[{"href":"https:\/\/lahora.mx\/index.php\/wp-json\/wp\/v2\/media?parent=6652"}],"wp:term":[{"taxonomy":"category","embeddable":true,"href":"https:\/\/lahora.mx\/index.php\/wp-json\/wp\/v2\/categories?post=6652"},{"taxonomy":"post_tag","embeddable":true,"href":"https:\/\/lahora.mx\/index.php\/wp-json\/wp\/v2\/tags?post=6652"}],"curies":[{"name":"wp","href":"https:\/\/api.w.org\/{rel}","templated":true}]}}