{"id":66502,"date":"2025-08-04T03:32:05","date_gmt":"2025-08-04T03:32:05","guid":{"rendered":"https:\/\/lahora.mx\/?p=66502"},"modified":"2025-08-09T03:37:22","modified_gmt":"2025-08-09T03:37:22","slug":"fortalece-puebla-capital-su-modelo-de-ciudad-segura-mediante-alianza-internacional-3","status":"publish","type":"post","link":"https:\/\/lahora.mx\/index.php\/2025\/08\/04\/fortalece-puebla-capital-su-modelo-de-ciudad-segura-mediante-alianza-internacional-3\/","title":{"rendered":"Fortalece Puebla capital su modelo de ciudad segura mediante alianza internacional"},"content":{"rendered":"\n<p>En el marco de su compromiso por construir una ciudad en orden, el Gobierno de la Ciudad, encabezado por el presidente municipal Pepe Chedraui Budib, sostuvo una mesa de trabajo con representantes de la Cumbre Internacional del H\u00e1bitat de Am\u00e9rica Latina y el Caribe (CIHALC) para analizar herramientas innovadoras en seguridad urbana y desarrollo sostenible.<\/p>\n\n\n\n<p>Durante el encuentro coordinado por el Instituto Municipal de Planeaci\u00f3n (IMPLAN), bajo la direcci\u00f3n de Jes\u00fas S\u00e1nchez Reliac, se abri\u00f3 un espacio con el prop\u00f3sito de que Puebla, mediante esta iniciativa, pueda intercambiar experiencias, pr\u00e1cticas y enfoques innovadores, as\u00ed como fortalecer la cooperaci\u00f3n internacional para la construcci\u00f3n de ciudades m\u00e1s seguras y sostenibles.<\/p>\n\n\n\n<p>En su mensaje, el edil reconoci\u00f3 la importancia de colaborar con organismos internacionales para fortalecer la estrategia municipal e impulsar soluciones locales que generen un impacto real en la ciudadan\u00eda, subrayando al di\u00e1logo como una herramienta esencial para propiciar el aprendizaje, el intercambio de ideas y la construcci\u00f3n de un modelo urbano m\u00e1s seguro y ordenado. Asimismo, destac\u00f3 el trabajo coordinado entre los tres \u00f3rdenes de gobierno como un pilar para fortalecer la seguridad, mediante acciones con enfoque incluyente y sostenible, que permitan avanzar hacia una ciudad en constante transformaci\u00f3n, basada en la cooperaci\u00f3n, el orden y el di\u00e1logo.<\/p>\n\n\n\n<p>\u201cPoner orden en la ciudad, tambi\u00e9n es prevenir la violencia. Por eso seguimos apostando por una planeaci\u00f3n participativa, que nos permita reconstruir el tejido social, dignificar el espacio p\u00fablico y garantizar entornos seguros, incluyentes y con sentidos de comunidad\u201d, indic\u00f3.<\/p>\n\n\n\n<p>Por su parte, Jes\u00fas S\u00e1nchez Reliac reconoci\u00f3 el potencial de la capital para integrarse a una agenda global, subrayando que la seguridad comienza con la prevenci\u00f3n y la planeaci\u00f3n adecuada. Destac\u00f3 la importancia de fortalecer la participaci\u00f3n ciudadana y escuchar a todas y todos para construir una ciudad segura, ordenada y en constante di\u00e1logo.<\/p>\n\n\n\n<p>\u201cEste paso reconoce que la seguridad no comienza con la emergencia, sino con la prevenci\u00f3n; con la planeaci\u00f3n inteligente del espacio p\u00fablico; con el fortalecimiento de la participaci\u00f3n, como una herramienta para cuidar lo que es de todos: nuestra ciudad\u201d, coment\u00f3.<\/p>\n\n\n\n<p>Asimismo, se cont\u00f3 con la presencia de Bernd Pfannenstein, presidente de CIHALC, y especialistas en pol\u00edticas p\u00fablicas de seguridad; coronel F\u00e9lix Pallares Miranda, secretario de Seguridad Ciudadana; Dulce Mar\u00eda Ruiz Ram\u00edrez, secretaria ejecutiva de la Oficina de Presidencia del Ayuntamiento de Puebla; David Aysa de Salazar, secretario de Movilidad e Infraestructura; Jaime Oropeza Casas, secretario de Econom\u00eda y Turismo; Alondra M\u00e9ndez Luis, regidora presidenta de la Comisi\u00f3n de Derechos Humanos y Grupos Vulnerables; Mar\u00eda Teresa Rivera Vivanco, regidora presidenta de la Comisi\u00f3n de Igualdad Sustantiva de G\u00e9nero y Diversidad Sexual y Georgina Ru\u00edz Toledo, regidora presidenta de la Comisi\u00f3n de Seguridad y Justicia.<\/p>\n\n\n\n<p>Con estas acciones, el Gobierno de la Ciudad reafirma su compromiso de continuar trabajando de manera coordinada y participativa para construir una Puebla m\u00e1s segura, ordenada y sostenible, consolidando a la capital como referente en foros internacionales de ciudades seguras.<\/p>\n","protected":false},"excerpt":{"rendered":"<p>En el marco de su compromiso por construir una ciudad en orden, el Gobierno de la Ciudad, encabezado por el presidente municipal Pepe Chedraui Budib, sostuvo una mesa de trabajo con representantes de la Cumbre Internacional del H\u00e1bitat de Am\u00e9rica Latina y el Caribe (CIHALC) para analizar herramientas innovadoras en seguridad urbana y desarrollo sostenible. [&hellip;]<\/p>\n","protected":false},"author":4,"featured_media":66503,"comment_status":"open","ping_status":"open","sticky":false,"template":"","format":"standard","meta":{"om_disable_all_campaigns":false,"_monsterinsights_skip_tracking":false,"_monsterinsights_sitenote_active":false,"_monsterinsights_sitenote_note":"","_monsterinsights_sitenote_category":0,"footnotes":""},"categories":[175],"tags":[],"class_list":["post-66502","post","type-post","status-publish","format-standard","has-post-thumbnail","hentry","category-local"],"amp_enabled":true,"_links":{"self":[{"href":"https:\/\/lahora.mx\/index.php\/wp-json\/wp\/v2\/posts\/66502","targetHints":{"allow":["GET"]}}],"collection":[{"href":"https:\/\/lahora.mx\/index.php\/wp-json\/wp\/v2\/posts"}],"about":[{"href":"https:\/\/lahora.mx\/index.php\/wp-json\/wp\/v2\/types\/post"}],"author":[{"embeddable":true,"href":"https:\/\/lahora.mx\/index.php\/wp-json\/wp\/v2\/users\/4"}],"replies":[{"embeddable":true,"href":"https:\/\/lahora.mx\/index.php\/wp-json\/wp\/v2\/comments?post=66502"}],"version-history":[{"count":1,"href":"https:\/\/lahora.mx\/index.php\/wp-json\/wp\/v2\/posts\/66502\/revisions"}],"predecessor-version":[{"id":66504,"href":"https:\/\/lahora.mx\/index.php\/wp-json\/wp\/v2\/posts\/66502\/revisions\/66504"}],"wp:featuredmedia":[{"embeddable":true,"href":"https:\/\/lahora.mx\/index.php\/wp-json\/wp\/v2\/media\/66503"}],"wp:attachment":[{"href":"https:\/\/lahora.mx\/index.php\/wp-json\/wp\/v2\/media?parent=66502"}],"wp:term":[{"taxonomy":"category","embeddable":true,"href":"https:\/\/lahora.mx\/index.php\/wp-json\/wp\/v2\/categories?post=66502"},{"taxonomy":"post_tag","embeddable":true,"href":"https:\/\/lahora.mx\/index.php\/wp-json\/wp\/v2\/tags?post=66502"}],"curies":[{"name":"wp","href":"https:\/\/api.w.org\/{rel}","templated":true}]}}