{"id":66492,"date":"2025-08-08T23:51:17","date_gmt":"2025-08-08T23:51:17","guid":{"rendered":"https:\/\/lahora.mx\/?p=66492"},"modified":"2025-08-08T23:51:18","modified_gmt":"2025-08-08T23:51:18","slug":"por-primera-vez-en-76-anos-alemania-no-enviara-armamento-militar-a-israel","status":"publish","type":"post","link":"https:\/\/lahora.mx\/index.php\/2025\/08\/08\/por-primera-vez-en-76-anos-alemania-no-enviara-armamento-militar-a-israel\/","title":{"rendered":"Por primera vez en 76 a\u00f1os, Alemania no enviar\u00e1 armamento militar a Israel"},"content":{"rendered":"\n<p class=\"wp-block-paragraph\">Pese a ser el aliado m\u00e1s cercano de Israel en Europa, por primera vez desde el 1949 el gobierno de Alemania anuncio que dejar\u00e1n de exportar armas a Tel Aviv, como respuesta al reciente anuncio del primer ministro israel\u00ed, Benjam\u00edn Netanyahu, quien desea ampliar las operaciones militares y matanzas en Gaza.<br><br>El canciller alem\u00e1n, Friedrich Merz, resalt\u00f3 que esta decisi\u00f3n fue tomada para impedir que contin\u00fae el sufrimiento de montones de personas en el enclave palestino, aunque evitaron condenar directamente al gobierno israel\u00ed. A pesar de esto, la situaci\u00f3n resulta hist\u00f3rica considerando la relaci\u00f3n entre ambos pa\u00edses.<\/p>\n\n\n\n<p class=\"wp-block-paragraph\">Y es que la cercan\u00eda entre Alemania e Israel es inmensa, tan solo hace unos a\u00f1os el Instituto Internacional de Estocolmo para la Investigaci\u00f3n de la Paz dio a conocer que, la naci\u00f3n europea fue quien le proporciono el 30% de su armamento militar al etnoestado sionista, sobre todo en cuestiones navales y vehiculares.<\/p>\n\n\n\n<p class=\"wp-block-paragraph\">Durante una entrevista, el funcionario alem\u00e1n declar\u00f3 que a la fecha la prioridad de Alemania es la liberaci\u00f3n de los rehenes y las negociaciones para un cese al fuego, con el fin de salvar vidas de civiles. De la misma forma, inst\u00f3 al gobierno de Netanyahu a dejar de invadir ilegalmente m\u00e1s territorio de Cisjordania.<\/p>\n\n\n\n<p class=\"wp-block-paragraph\">Cabe se\u00f1alar que, el Parlamento alem\u00e1n inform\u00f3 que desde octubre del 2023 hasta mayo del 2025 la hab\u00edan concedido licencias de exportaci\u00f3n de material militar a Israel por un valor de 485\u20ac millones de euros, con el fin de supuestamente apoyar la \u201cguerra contra el terrorismo\u201d que presuntamente est\u00e1n enfrentando.<\/p>\n\n\n\n<p class=\"wp-block-paragraph\">Ante la noticia, Benjam\u00edn Netanyahu utiliz\u00f3 la t\u00e1ctica medi\u00e1tica que ha caracterizado a su gobierno y el de otros funcionarios israel\u00eds, acusando estas acciones de \u201cantisemitas\u201d (pese a que los pueblos \u00e1rabes tambi\u00e9n son semitas) y exigi\u00e9ndole a Alemania compensar sus \u201cerrores\u201d en el holocausto jud\u00edo, con m\u00e1s armas.<\/p>\n","protected":false},"excerpt":{"rendered":"<p>Pese a ser el aliado m\u00e1s cercano de Israel en Europa, por primera vez desde el 1949 el gobierno de Alemania anuncio que dejar\u00e1n de exportar armas a Tel Aviv, como respuesta al reciente anuncio del primer ministro israel\u00ed, Benjam\u00edn Netanyahu, quien desea ampliar las operaciones militares y matanzas en Gaza. El canciller alem\u00e1n, Friedrich [&hellip;]<\/p>\n","protected":false},"author":4,"featured_media":66493,"comment_status":"open","ping_status":"open","sticky":false,"template":"","format":"standard","meta":{"om_disable_all_campaigns":false,"_monsterinsights_skip_tracking":false,"footnotes":""},"categories":[183],"tags":[],"class_list":["post-66492","post","type-post","status-publish","format-standard","has-post-thumbnail","hentry","category-internacional"],"amp_enabled":true,"_links":{"self":[{"href":"https:\/\/lahora.mx\/index.php\/wp-json\/wp\/v2\/posts\/66492","targetHints":{"allow":["GET"]}}],"collection":[{"href":"https:\/\/lahora.mx\/index.php\/wp-json\/wp\/v2\/posts"}],"about":[{"href":"https:\/\/lahora.mx\/index.php\/wp-json\/wp\/v2\/types\/post"}],"author":[{"embeddable":true,"href":"https:\/\/lahora.mx\/index.php\/wp-json\/wp\/v2\/users\/4"}],"replies":[{"embeddable":true,"href":"https:\/\/lahora.mx\/index.php\/wp-json\/wp\/v2\/comments?post=66492"}],"version-history":[{"count":1,"href":"https:\/\/lahora.mx\/index.php\/wp-json\/wp\/v2\/posts\/66492\/revisions"}],"predecessor-version":[{"id":66494,"href":"https:\/\/lahora.mx\/index.php\/wp-json\/wp\/v2\/posts\/66492\/revisions\/66494"}],"wp:featuredmedia":[{"embeddable":true,"href":"https:\/\/lahora.mx\/index.php\/wp-json\/wp\/v2\/media\/66493"}],"wp:attachment":[{"href":"https:\/\/lahora.mx\/index.php\/wp-json\/wp\/v2\/media?parent=66492"}],"wp:term":[{"taxonomy":"category","embeddable":true,"href":"https:\/\/lahora.mx\/index.php\/wp-json\/wp\/v2\/categories?post=66492"},{"taxonomy":"post_tag","embeddable":true,"href":"https:\/\/lahora.mx\/index.php\/wp-json\/wp\/v2\/tags?post=66492"}],"curies":[{"name":"wp","href":"https:\/\/api.w.org\/{rel}","templated":true}]}}