{"id":66480,"date":"2025-08-08T19:48:54","date_gmt":"2025-08-08T19:48:54","guid":{"rendered":"https:\/\/lahora.mx\/?p=66480"},"modified":"2025-08-08T19:48:55","modified_gmt":"2025-08-08T19:48:55","slug":"cae-presunto-involucrado-en-asesinato-del-delegado-de-la-fgr-en-tamaulipas","status":"publish","type":"post","link":"https:\/\/lahora.mx\/index.php\/2025\/08\/08\/cae-presunto-involucrado-en-asesinato-del-delegado-de-la-fgr-en-tamaulipas\/","title":{"rendered":"Cae presunto involucrado en asesinato del delegado de la FGR en Tamaulipas"},"content":{"rendered":"\n<p>En un comunicado, la Fiscal\u00eda General de la Rep\u00fablica, por medio de la Fiscal\u00eda Especializada de Control Regional y el Ministerio P\u00fablico Federal, dieron a conocer la detenci\u00f3n de uno de los presuntos responsables del homicidio del delegado de la FGR en Tamaulipas, Ernesto Cuitl\u00e1huac V\u00e1zquez.<br><br>Las dependencias indicaron que, a trav\u00e9s de labores de seguridad coordinadas con la Secretar\u00eda de Seguridad y Protecci\u00f3n Ciudadana (SSPC) y las Fuerzas Armadas, se lograron obtener los datos de investigaci\u00f3n necesarios para identificar un veh\u00edculo, en el que se transportaron algunos de los presuntos homicidas.<\/p>\n\n\n\n<p>Hasta el momento se ha identificado al individuo como Jaret Roberto \u201cH\u201d, y se sabe que este ya contaba con una orden de aprehensi\u00f3n federal en su contra, por lo cual se estaba escondiendo en un centro de rehabilitaci\u00f3n, en Reynosa. Aqu\u00ed se le arresto y se le encontraron armas largas, as\u00ed como sustancias il\u00edcitas.<\/p>\n\n\n\n<p>\u00abLos datos hallados en su celular permitieron establecer, con toda precisi\u00f3n, su participaci\u00f3n directa en el homicidio referido, en su calidad de miembro de Los Metros, facci\u00f3n del denominado C\u00e1rtel del Golfo, que es uno de los principales responsables del huachicol fiscal en esta zona de la entidad\u00bb, puntualizaron.<\/p>\n\n\n\n<p>Mantente al tanto de todas las noticias de Puebla y el mundo. Haz clic aqu\u00ed para seguir explorando nuestro portal.<\/p>\n","protected":false},"excerpt":{"rendered":"<p>En un comunicado, la Fiscal\u00eda General de la Rep\u00fablica, por medio de la Fiscal\u00eda Especializada de Control Regional y el Ministerio P\u00fablico Federal, dieron a conocer la detenci\u00f3n de uno de los presuntos responsables del homicidio del delegado de la FGR en Tamaulipas, Ernesto Cuitl\u00e1huac V\u00e1zquez. Las dependencias indicaron que, a trav\u00e9s de labores de [&hellip;]<\/p>\n","protected":false},"author":4,"featured_media":66481,"comment_status":"open","ping_status":"open","sticky":false,"template":"","format":"standard","meta":{"om_disable_all_campaigns":false,"_monsterinsights_skip_tracking":false,"_monsterinsights_sitenote_active":false,"_monsterinsights_sitenote_note":"","_monsterinsights_sitenote_category":0,"footnotes":""},"categories":[176,226],"tags":[],"class_list":["post-66480","post","type-post","status-publish","format-standard","has-post-thumbnail","hentry","category-nacional","category-policia"],"amp_enabled":true,"_links":{"self":[{"href":"https:\/\/lahora.mx\/index.php\/wp-json\/wp\/v2\/posts\/66480","targetHints":{"allow":["GET"]}}],"collection":[{"href":"https:\/\/lahora.mx\/index.php\/wp-json\/wp\/v2\/posts"}],"about":[{"href":"https:\/\/lahora.mx\/index.php\/wp-json\/wp\/v2\/types\/post"}],"author":[{"embeddable":true,"href":"https:\/\/lahora.mx\/index.php\/wp-json\/wp\/v2\/users\/4"}],"replies":[{"embeddable":true,"href":"https:\/\/lahora.mx\/index.php\/wp-json\/wp\/v2\/comments?post=66480"}],"version-history":[{"count":1,"href":"https:\/\/lahora.mx\/index.php\/wp-json\/wp\/v2\/posts\/66480\/revisions"}],"predecessor-version":[{"id":66482,"href":"https:\/\/lahora.mx\/index.php\/wp-json\/wp\/v2\/posts\/66480\/revisions\/66482"}],"wp:featuredmedia":[{"embeddable":true,"href":"https:\/\/lahora.mx\/index.php\/wp-json\/wp\/v2\/media\/66481"}],"wp:attachment":[{"href":"https:\/\/lahora.mx\/index.php\/wp-json\/wp\/v2\/media?parent=66480"}],"wp:term":[{"taxonomy":"category","embeddable":true,"href":"https:\/\/lahora.mx\/index.php\/wp-json\/wp\/v2\/categories?post=66480"},{"taxonomy":"post_tag","embeddable":true,"href":"https:\/\/lahora.mx\/index.php\/wp-json\/wp\/v2\/tags?post=66480"}],"curies":[{"name":"wp","href":"https:\/\/api.w.org\/{rel}","templated":true}]}}