{"id":66468,"date":"2025-08-08T14:45:52","date_gmt":"2025-08-08T14:45:52","guid":{"rendered":"https:\/\/lahora.mx\/?p=66468"},"modified":"2025-08-08T15:05:21","modified_gmt":"2025-08-08T15:05:21","slug":"asi-estara-el-clima-para-este-viernes-8-de-agosto-en-puebla","status":"publish","type":"post","link":"https:\/\/lahora.mx\/index.php\/2025\/08\/08\/asi-estara-el-clima-para-este-viernes-8-de-agosto-en-puebla\/","title":{"rendered":"As\u00ed estar\u00e1 el clima para este viernes 8 de agosto en Puebla"},"content":{"rendered":"\n<p>El clima para este viernes 8 de agosto, en el estado de Puebla, contar\u00e1 con variaciones empezando por un cielo nublado y condiciones soleadas en algunas regiones, adem\u00e1s de un pron\u00f3stico de precipitacione<br><br>Seg\u00fan el reporte de Protecci\u00f3n Civil (PC), se estima que las temperaturas m\u00e1s altas est\u00e1n rondando entre los 26 y 28 grados cent\u00edgrados, con una m\u00e1xima extrema de 29 grados cent\u00edgrados en la Sierra Norte.<\/p>\n\n\n\n<p>En cuanto a lluvias al interior de la entidad, se prev\u00e9n de intensidad, con acumulados de 10 mm., ligera sobre Atlixco, Angel\u00f3polis, Valles Centrales, las Sierras Norte y Nororiental.<\/p>\n\n\n\n<p>Se esperan vientos de componente suroeste de 30 a 35 kil\u00f3metros por hora en la mayor parte del estado, mientras que proyectan que estas condiciones persistan dentro de las pr\u00f3ximas 48 horas y se exhorta a extremar precauciones.<\/p>\n\n\n\n<p>De acuerdo al monitoreo cicl\u00f3nico, en el Oc\u00e9ano Pacifico, el pron\u00f3stico del Servicio Meteorol\u00f3gico Nacional (SMN) se mantiene en 20 ciclones tropicales nombrados hasta la fecha ocho.<\/p>\n\n\n\n<p>En la actividad actual, se localiz\u00f3 a la tormenta tropical \u00abIVO\u00bb, aproximadamente a 243 kms. al sureste de Cabo San Lucas, B.C., movi\u00e9ndose al oeste-noroeste, a razon de 32 km\/hr. con vientos m\u00e1ximos sostenidos cerca del centro de 95 kil\u00f3metros por hora.<\/p>\n\n\n\n<p>Para el Oc\u00e9ano Atl\u00e1ntico hay 17, de los que hasta el momento se han nombrados cuatro eventos de esta naturaleza, y no se prev\u00e9 actividad cicl\u00f3nica tropical dentro de las pr\u00f3ximas 48 horas.<\/p>\n","protected":false},"excerpt":{"rendered":"<p>El clima para este viernes 8 de agosto, en el estado de Puebla, contar\u00e1 con variaciones empezando por un cielo nublado y condiciones soleadas en algunas regiones, adem\u00e1s de un pron\u00f3stico de precipitacione Seg\u00fan el reporte de Protecci\u00f3n Civil (PC), se estima que las temperaturas m\u00e1s altas est\u00e1n rondando entre los 26 y 28 grados [&hellip;]<\/p>\n","protected":false},"author":4,"featured_media":66470,"comment_status":"open","ping_status":"open","sticky":false,"template":"","format":"standard","meta":{"om_disable_all_campaigns":false,"_monsterinsights_skip_tracking":false,"_monsterinsights_sitenote_active":false,"_monsterinsights_sitenote_note":"","_monsterinsights_sitenote_category":0,"footnotes":""},"categories":[175],"tags":[195,223],"class_list":["post-66468","post","type-post","status-publish","format-standard","has-post-thumbnail","hentry","category-local","tag-principal","tag-puebla"],"amp_enabled":true,"_links":{"self":[{"href":"https:\/\/lahora.mx\/index.php\/wp-json\/wp\/v2\/posts\/66468","targetHints":{"allow":["GET"]}}],"collection":[{"href":"https:\/\/lahora.mx\/index.php\/wp-json\/wp\/v2\/posts"}],"about":[{"href":"https:\/\/lahora.mx\/index.php\/wp-json\/wp\/v2\/types\/post"}],"author":[{"embeddable":true,"href":"https:\/\/lahora.mx\/index.php\/wp-json\/wp\/v2\/users\/4"}],"replies":[{"embeddable":true,"href":"https:\/\/lahora.mx\/index.php\/wp-json\/wp\/v2\/comments?post=66468"}],"version-history":[{"count":1,"href":"https:\/\/lahora.mx\/index.php\/wp-json\/wp\/v2\/posts\/66468\/revisions"}],"predecessor-version":[{"id":66469,"href":"https:\/\/lahora.mx\/index.php\/wp-json\/wp\/v2\/posts\/66468\/revisions\/66469"}],"wp:featuredmedia":[{"embeddable":true,"href":"https:\/\/lahora.mx\/index.php\/wp-json\/wp\/v2\/media\/66470"}],"wp:attachment":[{"href":"https:\/\/lahora.mx\/index.php\/wp-json\/wp\/v2\/media?parent=66468"}],"wp:term":[{"taxonomy":"category","embeddable":true,"href":"https:\/\/lahora.mx\/index.php\/wp-json\/wp\/v2\/categories?post=66468"},{"taxonomy":"post_tag","embeddable":true,"href":"https:\/\/lahora.mx\/index.php\/wp-json\/wp\/v2\/tags?post=66468"}],"curies":[{"name":"wp","href":"https:\/\/api.w.org\/{rel}","templated":true}]}}