{"id":66450,"date":"2025-08-08T04:51:03","date_gmt":"2025-08-08T04:51:03","guid":{"rendered":"https:\/\/lahora.mx\/?p=66450"},"modified":"2025-08-08T04:51:03","modified_gmt":"2025-08-08T04:51:03","slug":"migrantes-cambian-su-destino-ahora-buscan-llegar-a-canada-alemania-suiza-y-australia","status":"publish","type":"post","link":"https:\/\/lahora.mx\/index.php\/2025\/08\/08\/migrantes-cambian-su-destino-ahora-buscan-llegar-a-canada-alemania-suiza-y-australia\/","title":{"rendered":"Migrantes cambian su destino: ahora buscan llegar a Canad\u00e1, Alemania, Suiza y Australia"},"content":{"rendered":"\n<p class=\"wp-block-paragraph\">Cientos de migrantes iniciaron este mi\u00e9rcoles una nueva caravana desde la frontera sur de M\u00e9xico, con el objetivo de llegar a Monterrey para regularizar su situaci\u00f3n migratoria y posteriormente viajar a pa\u00edses como Canad\u00e1, Alemania, Suiza o Australia, que ofrecen oportunidades laborales.<br><br>En entrevistas con Milenio, Maydali Barajo, migrante cubana que viaja con su nieto, explic\u00f3 que la decisi\u00f3n de cambiar el destino tradicional hacia Estados Unidos responde al endurecimiento de sus pol\u00edticas migratorias bajo la administraci\u00f3n de Donald Trump. \u201cQueremos llegar a Monterrey porque la embajada de Canad\u00e1 y Alemania nos est\u00e1 dando visa para trabajar y para ir a poblar sus ciudades\u201d, coment\u00f3. La mujer asegur\u00f3 que, tras llegar a M\u00e9xico con la esperanza de trabajar, se encontr\u00f3 con negativas de la Comisi\u00f3n Mexicana de Ayuda a Refugiados (Comar) y autoridades migratorias, lo que la llev\u00f3 a buscar \u201cotros horizontes\u201d donde poder vivir con dignidad.<\/p>\n\n\n\n<p class=\"wp-block-paragraph\">El contingente est\u00e1 conformado principalmente por migrantes cubanos, entre ellos mujeres, hombres, adultos mayores y ni\u00f1os, quienes se movilizan por la carretera federal 200 tras meses de espera en Tapachula sin obtener respuesta a sus solicitudes de asilo. Antes de partir, el padre Heyman V\u00e1zquez Medina, p\u00e1rroco de San Andr\u00e9s Ap\u00f3stol en Ciudad Hidalgo, realiz\u00f3 una oraci\u00f3n con el grupo, exhort\u00e1ndolos a mantenerse unidos y denunciando que las autoridades los amedrentan para frenar las movilizaciones.<\/p>\n\n\n\n<p class=\"wp-block-paragraph\">En declaraciones a Milenio, Juan R\u00edos, migrante nicarag\u00fcense y vocero del grupo, precis\u00f3 que no buscan llegar a Estados Unidos, sino a Monterrey como punto de conexi\u00f3n hacia otros pa\u00edses. Explic\u00f3 que, en Tapachula, quienes logran empleo reciben salarios de apenas 200 pesos diarios por jornadas de 12 horas, en condiciones precarias. \u201cNo somos delincuentes, somos gente trabajadora, aqu\u00ed hay universitarios, doctores, enfermeros\u2026\u201d, afirm\u00f3.<\/p>\n\n\n\n<p class=\"wp-block-paragraph\">El endurecimiento migratorio de Trump ha cancelado programas como el parole humanitario para ciudadanos de Cuba, Nicaragua, Venezuela y Hait\u00ed, as\u00ed como la aplicaci\u00f3n CBP One, dejando a m\u00e1s de medio mill\u00f3n de personas en un limbo legal o en situaci\u00f3n irregular. Su gobierno busca acelerar deportaciones y cumplir la promesa de expulsar a m\u00e1s de 11 millones de migrantes indocumentados.<\/p>\n\n\n\n<p class=\"wp-block-paragraph\">V\u00e1zquez Medina subray\u00f3 que, para evitar las caravanas, el gobierno mexicano debe mejorar el trato hacia los migrantes y agilizar la entrega de documentos, pues muchos llevan m\u00e1s de un a\u00f1o y medio esperando una resoluci\u00f3n de la Comar. Se\u00f1al\u00f3 que Tapachula no es una opci\u00f3n para asentarse debido a los bajos salarios y la falta de condiciones dignas.<\/p>\n\n\n\n<p class=\"wp-block-paragraph\">Durante el trayecto, la caravana atraves\u00f3 el punto de revisi\u00f3n del Instituto Nacional de Migraci\u00f3n en el Ejido \u00c1lvaro Obreg\u00f3n, donde fueron advertidos sobre los riesgos de las altas temperaturas, especialmente para los menores. En esta ocasi\u00f3n, el grupo cuenta con acompa\u00f1amiento de elementos de la Marina, Guardia Nacional, la Fuerza de Reacci\u00f3n Inmediata Pakal (FRIP) y Protecci\u00f3n Civil.<\/p>\n","protected":false},"excerpt":{"rendered":"<p>Cientos de migrantes iniciaron este mi\u00e9rcoles una nueva caravana desde la frontera sur de M\u00e9xico, con el objetivo de llegar a Monterrey para regularizar su situaci\u00f3n migratoria y posteriormente viajar a pa\u00edses como Canad\u00e1, Alemania, Suiza o Australia, que ofrecen oportunidades laborales. En entrevistas con Milenio, Maydali Barajo, migrante cubana que viaja con su nieto, [&hellip;]<\/p>\n","protected":false},"author":4,"featured_media":66451,"comment_status":"open","ping_status":"open","sticky":false,"template":"","format":"standard","meta":{"om_disable_all_campaigns":false,"_monsterinsights_skip_tracking":false,"_monsterinsights_sitenote_active":false,"_monsterinsights_sitenote_note":"","_monsterinsights_sitenote_category":0,"footnotes":""},"categories":[183],"tags":[],"class_list":["post-66450","post","type-post","status-publish","format-standard","has-post-thumbnail","hentry","category-internacional"],"amp_enabled":true,"_links":{"self":[{"href":"https:\/\/lahora.mx\/index.php\/wp-json\/wp\/v2\/posts\/66450","targetHints":{"allow":["GET"]}}],"collection":[{"href":"https:\/\/lahora.mx\/index.php\/wp-json\/wp\/v2\/posts"}],"about":[{"href":"https:\/\/lahora.mx\/index.php\/wp-json\/wp\/v2\/types\/post"}],"author":[{"embeddable":true,"href":"https:\/\/lahora.mx\/index.php\/wp-json\/wp\/v2\/users\/4"}],"replies":[{"embeddable":true,"href":"https:\/\/lahora.mx\/index.php\/wp-json\/wp\/v2\/comments?post=66450"}],"version-history":[{"count":1,"href":"https:\/\/lahora.mx\/index.php\/wp-json\/wp\/v2\/posts\/66450\/revisions"}],"predecessor-version":[{"id":66452,"href":"https:\/\/lahora.mx\/index.php\/wp-json\/wp\/v2\/posts\/66450\/revisions\/66452"}],"wp:featuredmedia":[{"embeddable":true,"href":"https:\/\/lahora.mx\/index.php\/wp-json\/wp\/v2\/media\/66451"}],"wp:attachment":[{"href":"https:\/\/lahora.mx\/index.php\/wp-json\/wp\/v2\/media?parent=66450"}],"wp:term":[{"taxonomy":"category","embeddable":true,"href":"https:\/\/lahora.mx\/index.php\/wp-json\/wp\/v2\/categories?post=66450"},{"taxonomy":"post_tag","embeddable":true,"href":"https:\/\/lahora.mx\/index.php\/wp-json\/wp\/v2\/tags?post=66450"}],"curies":[{"name":"wp","href":"https:\/\/api.w.org\/{rel}","templated":true}]}}