{"id":66437,"date":"2025-08-07T19:24:45","date_gmt":"2025-08-07T19:24:45","guid":{"rendered":"https:\/\/lahora.mx\/?p=66437"},"modified":"2025-08-07T19:24:45","modified_gmt":"2025-08-07T19:24:45","slug":"claudia-sheinbaum-rechaza-resolucion-de-scjn-ante-amparo-de-lorenzo-cordova","status":"publish","type":"post","link":"https:\/\/lahora.mx\/index.php\/2025\/08\/07\/claudia-sheinbaum-rechaza-resolucion-de-scjn-ante-amparo-de-lorenzo-cordova\/","title":{"rendered":"Claudia Sheinbaum rechaza resoluci\u00f3n de SCJN ante amparo de Lorenzo C\u00f3rdova"},"content":{"rendered":"\n<p>Luego de que la Suprema Corte de Justicia de la Naci\u00f3n (SCJN) tom\u00f3 la decisi\u00f3n de amparar al presidente del Instituto Nacional Electoral (INE), Lorenzo C\u00f3rdova Vianello, la presidenta de M\u00e9xico, Claudia Sheinbaum Pardo, arremeti\u00f3 contra el organismo.<\/p>\n\n\n\n<p>Hoy durante La Ma\u00f1anera del Pueblo, la mandataria aprovech\u00f3 el espacio para recordar que en 2023 se public\u00f3 un libro gratuito, Proyectos comunitarios, donde evidenci\u00f3 que Lorenzo C\u00f3rdova cometi\u00f3 actos de discriminaci\u00f3n y violencia en contra de representantes de pueblos originarios.<\/p>\n\n\n\n<p>\u201cDesde mi punto de vista esta Corte se va a caracterizar por liberar delincuentes, usurpar funciones del Poder Legislativo y cierra su ciclo con el racismo\u201d asegur\u00f3.<\/p>\n\n\n\n<p>Sheinbaum expres\u00f3 su inconformidad con la resoluci\u00f3n que tom\u00f3 la Corte y recalc\u00f3 que el organismo olvid\u00f3 tomar en cuenta temas como la evasi\u00f3n de impuestos, y s\u00f3lo atendi\u00f3 el hecho de que C\u00f3rdova apareci\u00f3 en los libros de texto gratuitos por burlarse de las comunidades originarias.<\/p>\n\n\n\n<p>\u201cDicen que es para la protecci\u00f3n de la persona, pero era un servidor p\u00fablico. Es muy importante que en los libros de texto del pa\u00eds quede claro que no puede haber en M\u00e9xico ni racismo ni clasismo y que una autoridad que representa a la instituci\u00f3n no debe nunca dirigirse a otra persona con discriminaci\u00f3n en particular de esta forma burlona ofensiva\u201d indic\u00f3.<\/p>\n\n\n\n<p>C\u00f3rdova y ejecutivo del INE se burlan de las comunidades originarias<br>Durante la conferencia matutina en Palacio Nacional, se reprodujo en dos ocasiones el audio en que C\u00f3rdova habla con el entonces secretario ejecutivo del INE, Edmundo Jacobo Molina, donde se burlan de un representante de los pueblos ind\u00edgenas.<\/p>\n\n\n\n<p>\u201cLo primero que deber\u00eda haber habido era una disculpa p\u00fablica. No la hubo porque defiende su punto de vista, o sea mucha hipocres\u00eda, porque habla de democracia, de intolerancia a la cr\u00edtica a la Presidenta porque es autoritaria. A la 4T porque nos dirige el autoritarismo, a pero esto s\u00ed, pero eso no\u201d indic\u00f3.<\/p>\n\n\n\n<p>Amparo de C\u00f3rdova podr\u00eda revisarse con la Consejer\u00eda Jur\u00eddica<br>Sheinbaum indic\u00f3 que retirar la referencia a C\u00f3rdova en los libros de texto se aplicar\u00e1 hasta el pr\u00f3ximo a\u00f1o, debido a que las ediciones de 2025 ya se realizaron y se distribuyeron en instituciones p\u00fablicas.<\/p>\n\n\n\n<p>Pese a la decisi\u00f3n de la Corte, Sheinbaum no descart\u00f3 que pueda revertirse si la Consejer\u00eda Jur\u00eddica revisa la resoluci\u00f3n y emplea otro recurso contra el caso.<\/p>\n\n\n\n<p>\u201cEsto deber\u00eda ser una visi\u00f3n de todo M\u00e9xico, de todo mexicano y mexicana, el reconocimiento pleno, el respeto, la admiraci\u00f3n, a la resistencia de los pueblos ind\u00edgenas\u201d sentenci\u00f3.<\/p>\n","protected":false},"excerpt":{"rendered":"<p>Luego de que la Suprema Corte de Justicia de la Naci\u00f3n (SCJN) tom\u00f3 la decisi\u00f3n de amparar al presidente del Instituto Nacional Electoral (INE), Lorenzo C\u00f3rdova Vianello, la presidenta de M\u00e9xico, Claudia Sheinbaum Pardo, arremeti\u00f3 contra el organismo. Hoy durante La Ma\u00f1anera del Pueblo, la mandataria aprovech\u00f3 el espacio para recordar que en 2023 se [&hellip;]<\/p>\n","protected":false},"author":4,"featured_media":66438,"comment_status":"open","ping_status":"open","sticky":false,"template":"","format":"standard","meta":{"om_disable_all_campaigns":false,"_monsterinsights_skip_tracking":false,"_monsterinsights_sitenote_active":false,"_monsterinsights_sitenote_note":"","_monsterinsights_sitenote_category":0,"footnotes":""},"categories":[176],"tags":[195],"class_list":["post-66437","post","type-post","status-publish","format-standard","has-post-thumbnail","hentry","category-nacional","tag-principal"],"amp_enabled":true,"_links":{"self":[{"href":"https:\/\/lahora.mx\/index.php\/wp-json\/wp\/v2\/posts\/66437","targetHints":{"allow":["GET"]}}],"collection":[{"href":"https:\/\/lahora.mx\/index.php\/wp-json\/wp\/v2\/posts"}],"about":[{"href":"https:\/\/lahora.mx\/index.php\/wp-json\/wp\/v2\/types\/post"}],"author":[{"embeddable":true,"href":"https:\/\/lahora.mx\/index.php\/wp-json\/wp\/v2\/users\/4"}],"replies":[{"embeddable":true,"href":"https:\/\/lahora.mx\/index.php\/wp-json\/wp\/v2\/comments?post=66437"}],"version-history":[{"count":1,"href":"https:\/\/lahora.mx\/index.php\/wp-json\/wp\/v2\/posts\/66437\/revisions"}],"predecessor-version":[{"id":66439,"href":"https:\/\/lahora.mx\/index.php\/wp-json\/wp\/v2\/posts\/66437\/revisions\/66439"}],"wp:featuredmedia":[{"embeddable":true,"href":"https:\/\/lahora.mx\/index.php\/wp-json\/wp\/v2\/media\/66438"}],"wp:attachment":[{"href":"https:\/\/lahora.mx\/index.php\/wp-json\/wp\/v2\/media?parent=66437"}],"wp:term":[{"taxonomy":"category","embeddable":true,"href":"https:\/\/lahora.mx\/index.php\/wp-json\/wp\/v2\/categories?post=66437"},{"taxonomy":"post_tag","embeddable":true,"href":"https:\/\/lahora.mx\/index.php\/wp-json\/wp\/v2\/tags?post=66437"}],"curies":[{"name":"wp","href":"https:\/\/api.w.org\/{rel}","templated":true}]}}