{"id":66388,"date":"2025-08-06T17:58:22","date_gmt":"2025-08-06T17:58:22","guid":{"rendered":"https:\/\/lahora.mx\/?p=66388"},"modified":"2025-08-06T17:58:23","modified_gmt":"2025-08-06T17:58:23","slug":"avanza-afiliacion-al-imss-de-trabajadores-de-plataformas-digitales-sheinbaum","status":"publish","type":"post","link":"https:\/\/lahora.mx\/index.php\/2025\/08\/06\/avanza-afiliacion-al-imss-de-trabajadores-de-plataformas-digitales-sheinbaum\/","title":{"rendered":"Avanza afiliaci\u00f3n al IMSS de trabajadores de plataformas digitales: Sheinbaum"},"content":{"rendered":"\n<p>Durante la conferencia matutina encabezada por la presidenta Claudia Sheinbaum, se anunci\u00f3 que las empresas de plataformas digitales ya comenzaron a registrar a sus trabajadores ante el Instituto Mexicano del Seguro Social (IMSS), en cumplimiento con la reforma a la Ley Federal del Trabajo que entr\u00f3 en vigor en junio de este a\u00f1o.<br><br>La subsecretaria de Empleo y Productividad Laboral, Quiahuitl Ch\u00e1vez, destac\u00f3 que esta nueva legislaci\u00f3n garantiza que, desde el primer d\u00eda de actividad, quienes laboran en estas plataformas cuenten con protecci\u00f3n legal. Si sus ingresos mensuales alcanzan al menos un salario m\u00ednimo neto, acceden a todos los derechos laborales, entre ellos atenci\u00f3n m\u00e9dica, pensi\u00f3n, guarder\u00edas y otras prestaciones sociales.<\/p>\n\n\n\n<p>Este avance representa un cambio estructural importante, pues por primera vez se reconoce formalmente la relaci\u00f3n laboral entre plataformas digitales y repartidores o conductores, quienes antes eran considerados \u00fanicamente como \u201csocios\u201d. Ahora, adem\u00e1s de obtener seguridad social, tienen la libertad de elegir con qu\u00e9 empresa trabajar y qu\u00e9 horarios cumplir, sin perder sus derechos.<\/p>\n\n\n\n<p>La presidenta Sheinbaum critic\u00f3 los modelos neoliberales del pasado, se\u00f1alando que estos buscaron transformar los derechos laborales en beneficios condicionados. \u201c\u00bfC\u00f3mo puede considerarse socio de una transnacional alguien que solo reparte productos?\u201d, expres\u00f3, aludiendo a la desigualdad estructural que exist\u00eda. Subray\u00f3 que ahora estos trabajadores son reconocidos como parte formal de la fuerza laboral del pa\u00eds.<\/p>\n\n\n\n<p>Con el proceso de afiliaci\u00f3n ya en marcha, el gobierno federal hace un llamado a m\u00e1s empresas del sector para sumarse y garantizar que ning\u00fan trabajador digital quede fuera del sistema de protecci\u00f3n social. La transformaci\u00f3n laboral busca no solo justicia, sino dignidad para quienes contribuyen diariamente con su esfuerzo desde estas plataformas.<\/p>\n","protected":false},"excerpt":{"rendered":"<p>Durante la conferencia matutina encabezada por la presidenta Claudia Sheinbaum, se anunci\u00f3 que las empresas de plataformas digitales ya comenzaron a registrar a sus trabajadores ante el Instituto Mexicano del Seguro Social (IMSS), en cumplimiento con la reforma a la Ley Federal del Trabajo que entr\u00f3 en vigor en junio de este a\u00f1o. La subsecretaria [&hellip;]<\/p>\n","protected":false},"author":4,"featured_media":66389,"comment_status":"open","ping_status":"open","sticky":false,"template":"","format":"standard","meta":{"om_disable_all_campaigns":false,"_monsterinsights_skip_tracking":false,"_monsterinsights_sitenote_active":false,"_monsterinsights_sitenote_note":"","_monsterinsights_sitenote_category":0,"footnotes":""},"categories":[176,252],"tags":[223],"class_list":["post-66388","post","type-post","status-publish","format-standard","has-post-thumbnail","hentry","category-nacional","category-salud","tag-puebla"],"amp_enabled":true,"_links":{"self":[{"href":"https:\/\/lahora.mx\/index.php\/wp-json\/wp\/v2\/posts\/66388","targetHints":{"allow":["GET"]}}],"collection":[{"href":"https:\/\/lahora.mx\/index.php\/wp-json\/wp\/v2\/posts"}],"about":[{"href":"https:\/\/lahora.mx\/index.php\/wp-json\/wp\/v2\/types\/post"}],"author":[{"embeddable":true,"href":"https:\/\/lahora.mx\/index.php\/wp-json\/wp\/v2\/users\/4"}],"replies":[{"embeddable":true,"href":"https:\/\/lahora.mx\/index.php\/wp-json\/wp\/v2\/comments?post=66388"}],"version-history":[{"count":1,"href":"https:\/\/lahora.mx\/index.php\/wp-json\/wp\/v2\/posts\/66388\/revisions"}],"predecessor-version":[{"id":66390,"href":"https:\/\/lahora.mx\/index.php\/wp-json\/wp\/v2\/posts\/66388\/revisions\/66390"}],"wp:featuredmedia":[{"embeddable":true,"href":"https:\/\/lahora.mx\/index.php\/wp-json\/wp\/v2\/media\/66389"}],"wp:attachment":[{"href":"https:\/\/lahora.mx\/index.php\/wp-json\/wp\/v2\/media?parent=66388"}],"wp:term":[{"taxonomy":"category","embeddable":true,"href":"https:\/\/lahora.mx\/index.php\/wp-json\/wp\/v2\/categories?post=66388"},{"taxonomy":"post_tag","embeddable":true,"href":"https:\/\/lahora.mx\/index.php\/wp-json\/wp\/v2\/tags?post=66388"}],"curies":[{"name":"wp","href":"https:\/\/api.w.org\/{rel}","templated":true}]}}