{"id":66382,"date":"2025-08-06T17:53:17","date_gmt":"2025-08-06T17:53:17","guid":{"rendered":"https:\/\/lahora.mx\/?p=66382"},"modified":"2025-08-06T17:53:17","modified_gmt":"2025-08-06T17:53:17","slug":"inaugura-chedraui-modernizacion-de-luminarias-led-en-constitucion-mexicana","status":"publish","type":"post","link":"https:\/\/lahora.mx\/index.php\/2025\/08\/06\/inaugura-chedraui-modernizacion-de-luminarias-led-en-constitucion-mexicana\/","title":{"rendered":"Inaugura Chedraui modernizaci\u00f3n de luminarias LED en Constituci\u00f3n Mexicana"},"content":{"rendered":"\n<p>En beneficio de m\u00e1s de seis mil personas de manera directa, el Gobierno de la Ciudad, encabezado por el presidente municipal, Pepe Chedraui Budib, inaugur\u00f3 la modernizaci\u00f3n de 388 luminarias con tecnolog\u00eda LED en la colonia Constituci\u00f3n Mexicana, que garantiza calles m\u00e1s seguras e iluminadas con energ\u00eda sustentable, generando comunidad. Como parte de la estrategia Puebla Brilla, la Secretar\u00eda de Servicios P\u00fablicos, el Gobierno de la Ciudad concret\u00f3 la cobertura del 100 por ciento del universo de 680 luminarias en esta colonia, sumando las 292 que anteriormente contaban con esta tecnolog\u00eda. En su mensaje, el edil destac\u00f3 que esta iniciativa es resultado del trabajo coordinado entre distintas \u00e1reas, con acciones para fortalecer la seguridad y construir senderos de paz, en favor de una capital m\u00e1s segura y en orden. \u201cVamos a ir a todas las colonias; todo Puebla va a brillar: en iluminaci\u00f3n, en bacheo, en pavimentaci\u00f3n, en seguridad. Todo lo que se hace, se hace por la seguridad de las y los ciudadanos\u201d, enfatiz\u00f3. <br><br>Por su parte, el secretario de Servicios P\u00fablicos, Clemente G\u00f3mez Medina, destac\u00f3 que la innovaci\u00f3n en el alumbrado p\u00fablico es una realidad gracias a la visi\u00f3n del presidente Pepe Chedraui, que ha priorizado la atenci\u00f3n de los principales servicios p\u00fablicos para las familias poblanas. \u201cEs el primer paso de una estrategia visionaria de servicios p\u00fablicos al alcance de la gente, de servicios p\u00fablicos que est\u00e1n pensados en las y los ciudadanos\u201d, subray\u00f3. Adem\u00e1s, Zaira Gonz\u00e1lez G\u00f3mez, secretaria para la Igualdad Sustantiva de G\u00e9nero coment\u00f3 que este programa representa un paso importante para fortalecer la seguridad de las mujeres y garantizar entornos seguros para las infancias poblanas, al brindar mejores condiciones en los espacios que transitan diariamente. \u201cLa luminaria no solo brinda luz, sino tambi\u00e9n nos da seguridad. Que buscamos, las mujeres, sentirnos seguras en nuestras calles, que nuestras infancias caminen tambi\u00e9n seguras\u201d, indic\u00f3. La modernizaci\u00f3n en la colonia Constituci\u00f3n Mexicana muestra el compromiso con el desarrollo y la atenci\u00f3n a las colonias con rezago social como una prioridad real, promoviendo la transformaci\u00f3n del alumbrado p\u00fablico en todo el municipio, recuperando espacios, promoviendo la seguridad y fortaleciendo el sentido de comunidad. Foto Especial clh<\/p>\n","protected":false},"excerpt":{"rendered":"<p>En beneficio de m\u00e1s de seis mil personas de manera directa, el Gobierno de la Ciudad, encabezado por el presidente municipal, Pepe Chedraui Budib, inaugur\u00f3 la modernizaci\u00f3n de 388 luminarias con tecnolog\u00eda LED en la colonia Constituci\u00f3n Mexicana, que garantiza calles m\u00e1s seguras e iluminadas con energ\u00eda sustentable, generando comunidad. Como parte de la estrategia [&hellip;]<\/p>\n","protected":false},"author":4,"featured_media":66383,"comment_status":"open","ping_status":"open","sticky":false,"template":"","format":"standard","meta":{"om_disable_all_campaigns":false,"_monsterinsights_skip_tracking":false,"_monsterinsights_sitenote_active":false,"_monsterinsights_sitenote_note":"","_monsterinsights_sitenote_category":0,"footnotes":""},"categories":[175,5],"tags":[223],"class_list":["post-66382","post","type-post","status-publish","format-standard","has-post-thumbnail","hentry","category-local","category-politica","tag-puebla"],"amp_enabled":true,"_links":{"self":[{"href":"https:\/\/lahora.mx\/index.php\/wp-json\/wp\/v2\/posts\/66382","targetHints":{"allow":["GET"]}}],"collection":[{"href":"https:\/\/lahora.mx\/index.php\/wp-json\/wp\/v2\/posts"}],"about":[{"href":"https:\/\/lahora.mx\/index.php\/wp-json\/wp\/v2\/types\/post"}],"author":[{"embeddable":true,"href":"https:\/\/lahora.mx\/index.php\/wp-json\/wp\/v2\/users\/4"}],"replies":[{"embeddable":true,"href":"https:\/\/lahora.mx\/index.php\/wp-json\/wp\/v2\/comments?post=66382"}],"version-history":[{"count":1,"href":"https:\/\/lahora.mx\/index.php\/wp-json\/wp\/v2\/posts\/66382\/revisions"}],"predecessor-version":[{"id":66384,"href":"https:\/\/lahora.mx\/index.php\/wp-json\/wp\/v2\/posts\/66382\/revisions\/66384"}],"wp:featuredmedia":[{"embeddable":true,"href":"https:\/\/lahora.mx\/index.php\/wp-json\/wp\/v2\/media\/66383"}],"wp:attachment":[{"href":"https:\/\/lahora.mx\/index.php\/wp-json\/wp\/v2\/media?parent=66382"}],"wp:term":[{"taxonomy":"category","embeddable":true,"href":"https:\/\/lahora.mx\/index.php\/wp-json\/wp\/v2\/categories?post=66382"},{"taxonomy":"post_tag","embeddable":true,"href":"https:\/\/lahora.mx\/index.php\/wp-json\/wp\/v2\/tags?post=66382"}],"curies":[{"name":"wp","href":"https:\/\/api.w.org\/{rel}","templated":true}]}}