{"id":6638,"date":"2022-05-08T23:50:43","date_gmt":"2022-05-08T23:50:43","guid":{"rendered":"http:\/\/lahora.mx\/?p=6638"},"modified":"2022-05-08T23:51:05","modified_gmt":"2022-05-08T23:51:05","slug":"desde-cuba-amlo-hace-llamado-para-que-eu-termine-con-bloqueo-a-la-isla","status":"publish","type":"post","link":"https:\/\/lahora.mx\/index.php\/2022\/05\/08\/desde-cuba-amlo-hace-llamado-para-que-eu-termine-con-bloqueo-a-la-isla\/","title":{"rendered":"Desde Cuba, AMLO hace llamado para que EU termine con bloqueo a la isla"},"content":{"rendered":"\n<p>La Habana, Cuba.- Ante su hom\u00f3logo de&nbsp;<strong>Cuba<\/strong>, Miguel D\u00edaz-Canel, el presidente&nbsp;<strong>Andr\u00e9s Manuel L\u00f3pez Obrador&nbsp;<\/strong>afirm\u00f3 que Estados Unidos debe levantar el bloqueo comercial contra la isla para iniciar el restablecimiento de las relaciones de cooperaci\u00f3n y amistad entre ambos pueblos.&nbsp;<br>\u201cCon todo respeto a la soberan\u00eda de Cuba, seguir\u00e9 insistiendo que Estados Unidos levante el bloqueo a esta naci\u00f3n hermana para iniciar el restablecimiento de las relaciones de cooperaci\u00f3n y amistad entre los pueblos de las dos naciones\u201d.&nbsp;<br><\/p>\n\n\n\n<p>Desde el Sal\u00f3n Am\u00e9rica del Palacio de la Revoluci\u00f3n, en un mensaje a medios conjunto, el Jefe del Estado mexicano asegur\u00f3 que insistir\u00e1 con el presidente de Estados Unidos, Joe Biden, en que no se excluya a ning\u00fan pa\u00eds continente en pr\u00f3xima la<strong>&nbsp;Cumbre de las Am\u00e9ricas<\/strong>&nbsp;a celebrarse el mes que junio en Los Angeles, California.&nbsp;<\/p>\n\n\n\n<p>\u201cQue las autoridades de cada pa\u00eds decidan libremente su asisten o no a dicho encuentro, pero que nadie excluya a nadie\u201d, refiri\u00f3.&nbsp;<\/p>\n\n\n\n<p>Agradeci\u00f3 al \u00absolidario y ejemplar pueblo de Cuba\u00bb y dej\u00f3 de manifiesto que nunca ha apostado, no apuesta ni apostar\u00e1 al fracaso de la Revoluci\u00f3n Cubana; a su legado de justicia y a sus lecciones de independencia y dignidad.&nbsp;<\/p>\n\n\n\n<p>\u201cNunca voy a participar con golpistas que conspiran contra los ideales de igualdad y fraternidad universal. El retroceso es decadencia y desolaci\u00f3n, es asunto de poder y no de humanidad, prefiero seguir con la esperanza de que la revoluci\u00f3n renazca en la revoluci\u00f3n, que la revoluci\u00f3n sea capaz de renovarse para seguir el ejemplo de los m\u00e1rtires que lucharon por la igualdad, libertad, justicia y soberan\u00eda. &nbsp;<\/p>\n\n\n\n<p>\u201cTengo la fe que en Cuba se est\u00e1n haciendo las cosas con ese prop\u00f3sito, que sea haga la nueva revoluci\u00f3n en la revoluci\u00f3n, la segunda gran lecci\u00f3n de Cuba para el mundo, este pueblo volver\u00e1 a demostrar que la raz\u00f3n es m\u00e1s poderosa que la fuerza\u201d.<br><\/p>\n\n\n\n<p>El presidente L\u00f3pez Obrador reiter\u00f3 que aunque parezca \u201cut\u00f3pico\u201d insistir\u00e1 en la unidad e integraci\u00f3n comercial de toda Am\u00e9rica en un modelo simular como a de la Uni\u00f3n Europea.<\/p>\n\n\n\n<p>\u201cEs el momento de una nueva convivencia de todos los pa\u00edses de Am\u00e9rica, porque el modelo impuesto hace dos siglos est\u00e1 agotado, no beneficia a nadie\u201d.&nbsp;<\/p>\n\n\n\n<p>As\u00ed, el presidente L\u00f3pez Obrador concluy\u00f3 su primera visita oficial a Cuba y su primera gira de trabajo internacional a Centroam\u00e9rica y el Caribe; se prev\u00e9 que esta noche regrese a la Ciudad de M\u00e9xico.<\/p>\n","protected":false},"excerpt":{"rendered":"<p>La Habana, Cuba.- Ante su hom\u00f3logo de&nbsp;Cuba, Miguel D\u00edaz-Canel, el presidente&nbsp;Andr\u00e9s Manuel L\u00f3pez Obrador&nbsp;afirm\u00f3 que Estados Unidos debe levantar el bloqueo comercial contra la isla para iniciar el restablecimiento de las relaciones de cooperaci\u00f3n y amistad entre ambos pueblos.&nbsp;\u201cCon todo respeto a la soberan\u00eda de Cuba, seguir\u00e9 insistiendo que Estados Unidos levante el bloqueo a [&hellip;]<\/p>\n","protected":false},"author":4,"featured_media":6639,"comment_status":"open","ping_status":"open","sticky":false,"template":"","format":"standard","meta":{"om_disable_all_campaigns":false,"_monsterinsights_skip_tracking":false,"_monsterinsights_sitenote_active":false,"_monsterinsights_sitenote_note":"","_monsterinsights_sitenote_category":0,"footnotes":""},"categories":[183],"tags":[],"class_list":["post-6638","post","type-post","status-publish","format-standard","has-post-thumbnail","hentry","category-internacional"],"amp_enabled":true,"_links":{"self":[{"href":"https:\/\/lahora.mx\/index.php\/wp-json\/wp\/v2\/posts\/6638","targetHints":{"allow":["GET"]}}],"collection":[{"href":"https:\/\/lahora.mx\/index.php\/wp-json\/wp\/v2\/posts"}],"about":[{"href":"https:\/\/lahora.mx\/index.php\/wp-json\/wp\/v2\/types\/post"}],"author":[{"embeddable":true,"href":"https:\/\/lahora.mx\/index.php\/wp-json\/wp\/v2\/users\/4"}],"replies":[{"embeddable":true,"href":"https:\/\/lahora.mx\/index.php\/wp-json\/wp\/v2\/comments?post=6638"}],"version-history":[{"count":2,"href":"https:\/\/lahora.mx\/index.php\/wp-json\/wp\/v2\/posts\/6638\/revisions"}],"predecessor-version":[{"id":6641,"href":"https:\/\/lahora.mx\/index.php\/wp-json\/wp\/v2\/posts\/6638\/revisions\/6641"}],"wp:featuredmedia":[{"embeddable":true,"href":"https:\/\/lahora.mx\/index.php\/wp-json\/wp\/v2\/media\/6639"}],"wp:attachment":[{"href":"https:\/\/lahora.mx\/index.php\/wp-json\/wp\/v2\/media?parent=6638"}],"wp:term":[{"taxonomy":"category","embeddable":true,"href":"https:\/\/lahora.mx\/index.php\/wp-json\/wp\/v2\/categories?post=6638"},{"taxonomy":"post_tag","embeddable":true,"href":"https:\/\/lahora.mx\/index.php\/wp-json\/wp\/v2\/tags?post=6638"}],"curies":[{"name":"wp","href":"https:\/\/api.w.org\/{rel}","templated":true}]}}