{"id":66373,"date":"2025-08-06T16:25:50","date_gmt":"2025-08-06T16:25:50","guid":{"rendered":"https:\/\/lahora.mx\/?p=66373"},"modified":"2025-08-07T02:35:51","modified_gmt":"2025-08-07T02:35:51","slug":"este-es-el-pronostico-del-clima-para-puebla","status":"publish","type":"post","link":"https:\/\/lahora.mx\/index.php\/2025\/08\/06\/este-es-el-pronostico-del-clima-para-puebla\/","title":{"rendered":"Este es el pron\u00f3stico del clima para Puebla"},"content":{"rendered":"\n<p>La Coordinaci\u00f3n General de Protecci\u00f3n Civil del Estado de Puebla, en conjunto con la Secretar\u00eda de Gobernaci\u00f3n, emiti\u00f3 un reporte actualizado sobre las condiciones climatol\u00f3gicas y el monitoreo de sistemas cicl\u00f3nicos en los oc\u00e9anos Pac\u00edfico y Atl\u00e1ntico.<\/p>\n\n\n\n<p>En el pron\u00f3stico a corto plazo, se prev\u00e9n temperaturas m\u00e1ximas que oscilar\u00e1n entre los 26 y 28 grados Celsius, alcanzando una m\u00e1xima extrema de 29\u00b0C en la Sierra Norte.<\/p>\n\n\n\n<p>Asimismo, se anticipan lluvias de ligera a moderada intensidad, con acumulados de 15 a 20 mm, acompa\u00f1adas de actividad el\u00e9ctrica y probabilidad de ca\u00edda de granizo en zonas como Atlixco, Angel\u00f3polis, Valles Centrales, Mixteca, Sierras Norte, Nororiental y Negra.<\/p>\n\n\n\n<p>En cuanto a los vientos, se estima que predominen del componente sureste, con velocidades de 30 a 35 km\/h, principalmente en la regi\u00f3n sur del estado.<\/p>\n\n\n\n<p>Para el pron\u00f3stico a mediano plazo, se espera que estas condiciones persistan durante las pr\u00f3ximas 48 horas, por lo que se exhorta a la poblaci\u00f3n a extremar precauciones.<\/p>\n","protected":false},"excerpt":{"rendered":"<p>La Coordinaci\u00f3n General de Protecci\u00f3n Civil del Estado de Puebla, en conjunto con la Secretar\u00eda de Gobernaci\u00f3n, emiti\u00f3 un reporte actualizado sobre las condiciones climatol\u00f3gicas y el monitoreo de sistemas cicl\u00f3nicos en los oc\u00e9anos Pac\u00edfico y Atl\u00e1ntico. En el pron\u00f3stico a corto plazo, se prev\u00e9n temperaturas m\u00e1ximas que oscilar\u00e1n entre los 26 y 28 grados [&hellip;]<\/p>\n","protected":false},"author":4,"featured_media":66374,"comment_status":"open","ping_status":"open","sticky":false,"template":"","format":"standard","meta":{"om_disable_all_campaigns":false,"_monsterinsights_skip_tracking":false,"_monsterinsights_sitenote_active":false,"_monsterinsights_sitenote_note":"","_monsterinsights_sitenote_category":0,"footnotes":""},"categories":[175],"tags":[223],"class_list":["post-66373","post","type-post","status-publish","format-standard","has-post-thumbnail","hentry","category-local","tag-puebla"],"amp_enabled":true,"_links":{"self":[{"href":"https:\/\/lahora.mx\/index.php\/wp-json\/wp\/v2\/posts\/66373","targetHints":{"allow":["GET"]}}],"collection":[{"href":"https:\/\/lahora.mx\/index.php\/wp-json\/wp\/v2\/posts"}],"about":[{"href":"https:\/\/lahora.mx\/index.php\/wp-json\/wp\/v2\/types\/post"}],"author":[{"embeddable":true,"href":"https:\/\/lahora.mx\/index.php\/wp-json\/wp\/v2\/users\/4"}],"replies":[{"embeddable":true,"href":"https:\/\/lahora.mx\/index.php\/wp-json\/wp\/v2\/comments?post=66373"}],"version-history":[{"count":1,"href":"https:\/\/lahora.mx\/index.php\/wp-json\/wp\/v2\/posts\/66373\/revisions"}],"predecessor-version":[{"id":66375,"href":"https:\/\/lahora.mx\/index.php\/wp-json\/wp\/v2\/posts\/66373\/revisions\/66375"}],"wp:featuredmedia":[{"embeddable":true,"href":"https:\/\/lahora.mx\/index.php\/wp-json\/wp\/v2\/media\/66374"}],"wp:attachment":[{"href":"https:\/\/lahora.mx\/index.php\/wp-json\/wp\/v2\/media?parent=66373"}],"wp:term":[{"taxonomy":"category","embeddable":true,"href":"https:\/\/lahora.mx\/index.php\/wp-json\/wp\/v2\/categories?post=66373"},{"taxonomy":"post_tag","embeddable":true,"href":"https:\/\/lahora.mx\/index.php\/wp-json\/wp\/v2\/tags?post=66373"}],"curies":[{"name":"wp","href":"https:\/\/api.w.org\/{rel}","templated":true}]}}