{"id":66370,"date":"2025-08-06T16:24:34","date_gmt":"2025-08-06T16:24:34","guid":{"rendered":"https:\/\/lahora.mx\/?p=66370"},"modified":"2025-08-06T16:24:34","modified_gmt":"2025-08-06T16:24:34","slug":"mas-de-5-mil-unidades-revisadas-en-34-municipios","status":"publish","type":"post","link":"https:\/\/lahora.mx\/index.php\/2025\/08\/06\/mas-de-5-mil-unidades-revisadas-en-34-municipios\/","title":{"rendered":"M\u00e1s de 5 mil unidades revisadas en 34 municipios"},"content":{"rendered":"\n<p>En la conferencia de prensa del gobernador Alejandro Armenta, la Secretar\u00eda de Movilidad y Transporte del estado de Puebla inform\u00f3 que contin\u00faa con el avance firme de la Revista Vehicular 2025, que en su primer mes ya ha logrado la revisi\u00f3n de m\u00e1s de 5 mil unidades del transporte p\u00fablico y mercantil, provenientes de 34 municipios del estado. As\u00ed lo inform\u00f3 la titular de la dependencia, Silvia Tan\u00fas, quien destac\u00f3 el compromiso del gobierno estatal con la seguridad vial y la construcci\u00f3n de la paz.<br><br>Actualmente, el operativo se lleva a cabo a trav\u00e9s de siete sedes estrat\u00e9gicas: una en la capital poblana y seis m\u00e1s en distintos puntos del interior del estado. Esta estrategia territorial tiene como objetivo facilitar el acceso al procedimiento, garantizar que los veh\u00edculos operen en condiciones \u00f3ptimas y acercar los m\u00f3dulos directamente a concesionarios y permisionarios.<\/p>\n\n\n\n<p>Durante las primeras semanas de este ejercicio, se ha trabajado en siete municipios, logrando una cobertura efectiva que, de mantenerse al ritmo actual, permitir\u00e1 revisar pr\u00e1cticamente todo el padr\u00f3n antes de que finalice noviembre. Silvia Tan\u00fas anunci\u00f3 que la pr\u00f3xima semana las brigadas m\u00f3viles se desplegar\u00e1n en los municipios de Zacapoaxtla y Tlatlauquitepec, donde se prev\u00e9 cerrar el calendario de visitas programadas.<\/p>\n\n\n\n<p>La funcionaria reconoci\u00f3 la disposici\u00f3n y responsabilidad mostrada por los transportistas, as\u00ed como el respaldo del gobernador Alejandro Armenta para fortalecer esta acci\u00f3n como parte de una pol\u00edtica integral de movilidad segura. Subray\u00f3 que este esfuerzo compartido ayuda a fortalecer la confianza entre quienes utilizan el transporte p\u00fablico en el estado.<\/p>\n\n\n\n<p>Finalmente, la Secretar\u00eda de Movilidad hizo un llamado a las y los concesionarios a prepararse con anticipaci\u00f3n, consultar los requisitos en la p\u00e1gina oficial de la dependencia y evitar dejarse enga\u00f1ar por personas ajenas al proceso. La revista vehicular es un ejercicio obligatorio que contribuye a mejorar la calidad del servicio y la seguridad de todos los usuarios.<\/p>\n","protected":false},"excerpt":{"rendered":"<p>En la conferencia de prensa del gobernador Alejandro Armenta, la Secretar\u00eda de Movilidad y Transporte del estado de Puebla inform\u00f3 que contin\u00faa con el avance firme de la Revista Vehicular 2025, que en su primer mes ya ha logrado la revisi\u00f3n de m\u00e1s de 5 mil unidades del transporte p\u00fablico y mercantil, provenientes de 34 [&hellip;]<\/p>\n","protected":false},"author":4,"featured_media":66371,"comment_status":"open","ping_status":"open","sticky":false,"template":"","format":"standard","meta":{"om_disable_all_campaigns":false,"_monsterinsights_skip_tracking":false,"_monsterinsights_sitenote_active":false,"_monsterinsights_sitenote_note":"","_monsterinsights_sitenote_category":0,"footnotes":""},"categories":[175],"tags":[239,223],"class_list":["post-66370","post","type-post","status-publish","format-standard","has-post-thumbnail","hentry","category-local","tag-gobierno","tag-puebla"],"amp_enabled":true,"_links":{"self":[{"href":"https:\/\/lahora.mx\/index.php\/wp-json\/wp\/v2\/posts\/66370","targetHints":{"allow":["GET"]}}],"collection":[{"href":"https:\/\/lahora.mx\/index.php\/wp-json\/wp\/v2\/posts"}],"about":[{"href":"https:\/\/lahora.mx\/index.php\/wp-json\/wp\/v2\/types\/post"}],"author":[{"embeddable":true,"href":"https:\/\/lahora.mx\/index.php\/wp-json\/wp\/v2\/users\/4"}],"replies":[{"embeddable":true,"href":"https:\/\/lahora.mx\/index.php\/wp-json\/wp\/v2\/comments?post=66370"}],"version-history":[{"count":1,"href":"https:\/\/lahora.mx\/index.php\/wp-json\/wp\/v2\/posts\/66370\/revisions"}],"predecessor-version":[{"id":66372,"href":"https:\/\/lahora.mx\/index.php\/wp-json\/wp\/v2\/posts\/66370\/revisions\/66372"}],"wp:featuredmedia":[{"embeddable":true,"href":"https:\/\/lahora.mx\/index.php\/wp-json\/wp\/v2\/media\/66371"}],"wp:attachment":[{"href":"https:\/\/lahora.mx\/index.php\/wp-json\/wp\/v2\/media?parent=66370"}],"wp:term":[{"taxonomy":"category","embeddable":true,"href":"https:\/\/lahora.mx\/index.php\/wp-json\/wp\/v2\/categories?post=66370"},{"taxonomy":"post_tag","embeddable":true,"href":"https:\/\/lahora.mx\/index.php\/wp-json\/wp\/v2\/tags?post=66370"}],"curies":[{"name":"wp","href":"https:\/\/api.w.org\/{rel}","templated":true}]}}