{"id":6634,"date":"2022-05-08T23:45:37","date_gmt":"2022-05-08T23:45:37","guid":{"rendered":"http:\/\/lahora.mx\/?p=6634"},"modified":"2022-05-08T23:46:26","modified_gmt":"2022-05-08T23:46:26","slug":"asaltan-a-cuentahabiente-y-ejecutan-a-comerciante-en-la-central-de-abastos","status":"publish","type":"post","link":"https:\/\/lahora.mx\/index.php\/2022\/05\/08\/asaltan-a-cuentahabiente-y-ejecutan-a-comerciante-en-la-central-de-abastos\/","title":{"rendered":"Asaltan a cuentahabiente y ejecutan a comerciante en la Central de abastos"},"content":{"rendered":"\n<p>Durante este fin de semana, la Central de abasto registr\u00f3 un atraco a cuentahabiente &nbsp;y la&nbsp;<strong>ejecuci\u00f3n de un comerciante<\/strong>&nbsp;que se dirig\u00eda a dicho centro de abastecimiento, en ninguno de los casos se logr\u00f3 detener a los crim\u00ednales.<\/p>\n\n\n\n<p>Desde el viernes, dicho&nbsp;<strong>Mercado ha estado en boca de los poblanos<\/strong>&nbsp;ya que en tan s\u00f3lo un fin de semana acumul\u00f3 dos hechos violentos.<\/p>\n\n\n\n<p>Si bien es cierto que uno de los acontecimientos no sucedi\u00f3 en el lugar, ocurri\u00f3 cuando un comerciante se dirig\u00eda a su negocio instalado en la Central de Abasto.<\/p>\n\n\n\n<p>Uno de los afectados tiene 45 a\u00f1os y a punta de pistola fue atracado al&nbsp;<strong>interior del Santander<\/strong>, mientras que, la otra v\u00edctima de 42, muri\u00f3 tras recibir diversos impactos por arma de fuego.<\/p>\n\n\n\n<h3 class=\"wp-block-heading\">Asaltan a cuentahabiente en Santander y le quitan 276 mil pesos en efectivo<\/h3>\n\n\n\n<p>La tarde del pasado viernes, J<strong>avier M., fue sorprendido por un grupo de crim\u00ednales<\/strong>&nbsp;cuando se dispon\u00eda a hacer un dep\u00f3sito a la sucursal bancaria ya citada, mismo que ya no concret\u00f3 debido a que los delincuentes le exigieron la cantidad que iba a depositar.<\/p>\n\n\n\n<p>Los responsables lograron huir a bordo de una motocicleta y a decir del afectado, antes de marcharse realizaron una detonaci\u00f3n al aire.<\/p>\n\n\n\n<p>Comerciante fue ejecutado a balazos en San Jos\u00e9 Los Cerritos cuando se dirig\u00eda a su trabajo con su hijo<\/p>\n\n\n\n<p>Las primeras horas del s\u00e1bado, un hombre que viajaba con su menor hijo a bordo de su veh\u00edculo fueron alcanzados por dos motociclistas armados sobre la 3 Norte y Avenida del Conde, quienes les dispararon en repetidas ocasiones.<\/p>\n\n\n\n<p>El menor de 14 a\u00f1os iba en la parte trasera por lo que pudo agacharse y esquivar las balas; sin embargo, su pap\u00e1 de 42 no corri\u00f3 con la misma suerte pues al menos cuatro impactos fueron los que recibi\u00f3.<\/p>\n\n\n\n<p>Tras la llegada de la madre del menor se inform\u00f3 que ambos se dirig\u00edan a la Central de Abasto a trabajar debido a que tienen una poller\u00eda.<\/p>\n\n\n\n<p>En este ataque directo se encontraron los casquillos, por lo que la carpeta de investigaci\u00f3n de homicidios se abri\u00f3 y las diligencias contin\u00faan.<\/p>\n","protected":false},"excerpt":{"rendered":"<p>Durante este fin de semana, la Central de abasto registr\u00f3 un atraco a cuentahabiente &nbsp;y la&nbsp;ejecuci\u00f3n de un comerciante&nbsp;que se dirig\u00eda a dicho centro de abastecimiento, en ninguno de los casos se logr\u00f3 detener a los crim\u00ednales. Desde el viernes, dicho&nbsp;Mercado ha estado en boca de los poblanos&nbsp;ya que en tan s\u00f3lo un fin de [&hellip;]<\/p>\n","protected":false},"author":4,"featured_media":6635,"comment_status":"open","ping_status":"open","sticky":false,"template":"","format":"standard","meta":{"om_disable_all_campaigns":false,"_monsterinsights_skip_tracking":false,"_monsterinsights_sitenote_active":false,"_monsterinsights_sitenote_note":"","_monsterinsights_sitenote_category":0,"footnotes":""},"categories":[175,226],"tags":[223],"class_list":["post-6634","post","type-post","status-publish","format-standard","has-post-thumbnail","hentry","category-local","category-policia","tag-puebla"],"amp_enabled":true,"_links":{"self":[{"href":"https:\/\/lahora.mx\/index.php\/wp-json\/wp\/v2\/posts\/6634","targetHints":{"allow":["GET"]}}],"collection":[{"href":"https:\/\/lahora.mx\/index.php\/wp-json\/wp\/v2\/posts"}],"about":[{"href":"https:\/\/lahora.mx\/index.php\/wp-json\/wp\/v2\/types\/post"}],"author":[{"embeddable":true,"href":"https:\/\/lahora.mx\/index.php\/wp-json\/wp\/v2\/users\/4"}],"replies":[{"embeddable":true,"href":"https:\/\/lahora.mx\/index.php\/wp-json\/wp\/v2\/comments?post=6634"}],"version-history":[{"count":2,"href":"https:\/\/lahora.mx\/index.php\/wp-json\/wp\/v2\/posts\/6634\/revisions"}],"predecessor-version":[{"id":6637,"href":"https:\/\/lahora.mx\/index.php\/wp-json\/wp\/v2\/posts\/6634\/revisions\/6637"}],"wp:featuredmedia":[{"embeddable":true,"href":"https:\/\/lahora.mx\/index.php\/wp-json\/wp\/v2\/media\/6635"}],"wp:attachment":[{"href":"https:\/\/lahora.mx\/index.php\/wp-json\/wp\/v2\/media?parent=6634"}],"wp:term":[{"taxonomy":"category","embeddable":true,"href":"https:\/\/lahora.mx\/index.php\/wp-json\/wp\/v2\/categories?post=6634"},{"taxonomy":"post_tag","embeddable":true,"href":"https:\/\/lahora.mx\/index.php\/wp-json\/wp\/v2\/tags?post=6634"}],"curies":[{"name":"wp","href":"https:\/\/api.w.org\/{rel}","templated":true}]}}