{"id":66335,"date":"2025-08-05T22:12:16","date_gmt":"2025-08-05T22:12:16","guid":{"rendered":"https:\/\/lahora.mx\/?p=66335"},"modified":"2025-08-05T22:12:17","modified_gmt":"2025-08-05T22:12:17","slug":"la-autopista-mexico-puebla-tendra-patrullas-con-drones-y-reconocimiento-facial","status":"publish","type":"post","link":"https:\/\/lahora.mx\/index.php\/2025\/08\/05\/la-autopista-mexico-puebla-tendra-patrullas-con-drones-y-reconocimiento-facial\/","title":{"rendered":"la autopista M\u00e9xico-Puebla tendr\u00e1 patrullas con drones y reconocimiento facial"},"content":{"rendered":"\n<p>El gobernador de Puebla, Alejandro Armenta Mier, anunci\u00f3 una nueva estrategia de seguridad con el despliegue de 50 patrullas en la autopista M\u00e9xico-Puebla-Veracruz, que estar\u00e1n equipadas con drones de alta tecnolog\u00eda. Adem\u00e1s, se entregar\u00e1n mil alarmas vecinales conectadas al C5, las cuales ser\u00e1n colocadas en varios municipios del estado.<\/p>\n\n\n\n<p>Durante su conferencia de prensa, el mandatario explic\u00f3 que el despliegue de uniformados y patrullas en la autopista forma parte del plan federal \u201cCero Robos\u201d, con el cual se busca respaldar las pol\u00edticas de seguridad impulsadas por la presidenta Claudia Sheinbaum y garantizar un tr\u00e1nsito seguro por esta importante v\u00eda interestatal.<\/p>\n\n\n\n<p>Agreg\u00f3 que las patrullas y los drones estar\u00e1n conectados directamente al sistema de monitoreo del C5, lo que permitir\u00e1 una supervisi\u00f3n constante y una respuesta inmediata ante cualquier eventualidad.<\/p>\n\n\n\n<p>Alejandro Armenta precis\u00f3 que los drones instalados en las nuevas patrullas podr\u00e1n elevarse hasta 50 metros, ofreciendo una visi\u00f3n panor\u00e1mica de 360 grados. Adem\u00e1s, estar\u00e1n equipados con sistemas de reconocimiento facial y de placas vehiculares, lo que facilitar\u00e1 la detecci\u00f3n de actividades sospechosas.<\/p>\n\n\n\n<p>\u201cYa no hablaremos de torres fijas de vigilancia; las nuevas patrullas permitir\u00e1n lanzar drones que cubrir\u00e1n un campo visual mucho m\u00e1s amplio y con mayor precisi\u00f3n\u201d, dijo.<\/p>\n\n\n\n<p>Instalar\u00e1n mil alarmas vecinales en todo el estado<\/p>\n\n\n\n<p>La estrategia tambi\u00e9n incluye un enfoque comunitario, al anunciar que se avanza en la colocaci\u00f3n de mil alarmas vecinales en distintas colonias del estado.<\/p>\n\n\n\n<p>Estas estar\u00e1n integradas a una app m\u00f3vil, desde donde comit\u00e9s ciudadanos podr\u00e1n activar alertas, coordinarse y recibir asistencia ante situaciones de riesgo.<\/p>\n\n\n\n<p>Detall\u00f3 que, a trav\u00e9s de la app, los vecinos tambi\u00e9n podr\u00e1n realizar denuncias an\u00f3nimas ante cualquier situaci\u00f3n de riesgo o alarma que detecten.<\/p>\n","protected":false},"excerpt":{"rendered":"<p>El gobernador de Puebla, Alejandro Armenta Mier, anunci\u00f3 una nueva estrategia de seguridad con el despliegue de 50 patrullas en la autopista M\u00e9xico-Puebla-Veracruz, que estar\u00e1n equipadas con drones de alta tecnolog\u00eda. Adem\u00e1s, se entregar\u00e1n mil alarmas vecinales conectadas al C5, las cuales ser\u00e1n colocadas en varios municipios del estado. Durante su conferencia de prensa, el [&hellip;]<\/p>\n","protected":false},"author":4,"featured_media":66336,"comment_status":"open","ping_status":"open","sticky":false,"template":"","format":"standard","meta":{"om_disable_all_campaigns":false,"_monsterinsights_skip_tracking":false,"_monsterinsights_sitenote_active":false,"_monsterinsights_sitenote_note":"","_monsterinsights_sitenote_category":0,"footnotes":""},"categories":[175,226],"tags":[223],"class_list":["post-66335","post","type-post","status-publish","format-standard","has-post-thumbnail","hentry","category-local","category-policia","tag-puebla"],"amp_enabled":true,"_links":{"self":[{"href":"https:\/\/lahora.mx\/index.php\/wp-json\/wp\/v2\/posts\/66335","targetHints":{"allow":["GET"]}}],"collection":[{"href":"https:\/\/lahora.mx\/index.php\/wp-json\/wp\/v2\/posts"}],"about":[{"href":"https:\/\/lahora.mx\/index.php\/wp-json\/wp\/v2\/types\/post"}],"author":[{"embeddable":true,"href":"https:\/\/lahora.mx\/index.php\/wp-json\/wp\/v2\/users\/4"}],"replies":[{"embeddable":true,"href":"https:\/\/lahora.mx\/index.php\/wp-json\/wp\/v2\/comments?post=66335"}],"version-history":[{"count":1,"href":"https:\/\/lahora.mx\/index.php\/wp-json\/wp\/v2\/posts\/66335\/revisions"}],"predecessor-version":[{"id":66337,"href":"https:\/\/lahora.mx\/index.php\/wp-json\/wp\/v2\/posts\/66335\/revisions\/66337"}],"wp:featuredmedia":[{"embeddable":true,"href":"https:\/\/lahora.mx\/index.php\/wp-json\/wp\/v2\/media\/66336"}],"wp:attachment":[{"href":"https:\/\/lahora.mx\/index.php\/wp-json\/wp\/v2\/media?parent=66335"}],"wp:term":[{"taxonomy":"category","embeddable":true,"href":"https:\/\/lahora.mx\/index.php\/wp-json\/wp\/v2\/categories?post=66335"},{"taxonomy":"post_tag","embeddable":true,"href":"https:\/\/lahora.mx\/index.php\/wp-json\/wp\/v2\/tags?post=66335"}],"curies":[{"name":"wp","href":"https:\/\/api.w.org\/{rel}","templated":true}]}}