{"id":66323,"date":"2025-08-05T16:42:13","date_gmt":"2025-08-05T16:42:13","guid":{"rendered":"https:\/\/lahora.mx\/?p=66323"},"modified":"2025-08-05T16:42:14","modified_gmt":"2025-08-05T16:42:14","slug":"cae-agente-del-ministerio-publico-acusado-de-cohecho-em-puebla-capital","status":"publish","type":"post","link":"https:\/\/lahora.mx\/index.php\/2025\/08\/05\/cae-agente-del-ministerio-publico-acusado-de-cohecho-em-puebla-capital\/","title":{"rendered":"Cae agente del Ministerio P\u00fablico acusado de cohecho em Puebla capital"},"content":{"rendered":"\n<p>Como resultado de la estricta y permanente supervisi\u00f3n del actuar del personal de la Fiscal\u00eda General del Estado de Puebla, se cumpliment\u00f3 una orden de aprehensi\u00f3n en contra de Axel Manuel N., de 28 a\u00f1os de edad, quien se desempe\u00f1aba como Agente del Ministerio P\u00fablico, por su probable responsabilidad en la comisi\u00f3n del delito de cohecho.<\/p>\n\n\n\n<p>Con base en la carpeta de investigaci\u00f3n correspondiente, el pasado 9 de mayo, Axel Manuel N. inici\u00f3 una indagatoria derivada del aseguramiento de un veh\u00edculo marca Toyota, tipo Hiace de color blanco. La propietaria de la unidad denunci\u00f3 que el servidor p\u00fablico le exigi\u00f3 un pago de 39 mil pesos a cambio de gestionar los oficios necesarios para la liberaci\u00f3n del veh\u00edculo, suma que presuntamente le fue entregada.<\/p>\n\n\n\n<p>Al recibir la denuncia, esta instituci\u00f3n actu\u00f3 de manera inmediata y llev\u00f3 a cabo una serie de actos de investigaci\u00f3n con estricto apego a derecho. Una vez recabados datos de prueba suficientes, se solicit\u00f3 y obtuvo la respectiva orden de aprehensi\u00f3n.<\/p>\n\n\n\n<p>El imputado fue localizado y detenido por agentes investigadores en las inmediaciones de las calles 135 Poniente y Santa Rosa del fraccionamiento Jardines de Santa Rosa de la ciudad de Puebla, siendo trasladado ante el Juez de Control, quien determinar\u00e1 su situaci\u00f3n jur\u00eddica.<\/p>\n","protected":false},"excerpt":{"rendered":"<p>Como resultado de la estricta y permanente supervisi\u00f3n del actuar del personal de la Fiscal\u00eda General del Estado de Puebla, se cumpliment\u00f3 una orden de aprehensi\u00f3n en contra de Axel Manuel N., de 28 a\u00f1os de edad, quien se desempe\u00f1aba como Agente del Ministerio P\u00fablico, por su probable responsabilidad en la comisi\u00f3n del delito de [&hellip;]<\/p>\n","protected":false},"author":4,"featured_media":66324,"comment_status":"open","ping_status":"open","sticky":false,"template":"","format":"standard","meta":{"om_disable_all_campaigns":false,"_monsterinsights_skip_tracking":false,"_monsterinsights_sitenote_active":false,"_monsterinsights_sitenote_note":"","_monsterinsights_sitenote_category":0,"footnotes":""},"categories":[175,226],"tags":[195,223],"class_list":["post-66323","post","type-post","status-publish","format-standard","has-post-thumbnail","hentry","category-local","category-policia","tag-principal","tag-puebla"],"amp_enabled":true,"_links":{"self":[{"href":"https:\/\/lahora.mx\/index.php\/wp-json\/wp\/v2\/posts\/66323","targetHints":{"allow":["GET"]}}],"collection":[{"href":"https:\/\/lahora.mx\/index.php\/wp-json\/wp\/v2\/posts"}],"about":[{"href":"https:\/\/lahora.mx\/index.php\/wp-json\/wp\/v2\/types\/post"}],"author":[{"embeddable":true,"href":"https:\/\/lahora.mx\/index.php\/wp-json\/wp\/v2\/users\/4"}],"replies":[{"embeddable":true,"href":"https:\/\/lahora.mx\/index.php\/wp-json\/wp\/v2\/comments?post=66323"}],"version-history":[{"count":1,"href":"https:\/\/lahora.mx\/index.php\/wp-json\/wp\/v2\/posts\/66323\/revisions"}],"predecessor-version":[{"id":66325,"href":"https:\/\/lahora.mx\/index.php\/wp-json\/wp\/v2\/posts\/66323\/revisions\/66325"}],"wp:featuredmedia":[{"embeddable":true,"href":"https:\/\/lahora.mx\/index.php\/wp-json\/wp\/v2\/media\/66324"}],"wp:attachment":[{"href":"https:\/\/lahora.mx\/index.php\/wp-json\/wp\/v2\/media?parent=66323"}],"wp:term":[{"taxonomy":"category","embeddable":true,"href":"https:\/\/lahora.mx\/index.php\/wp-json\/wp\/v2\/categories?post=66323"},{"taxonomy":"post_tag","embeddable":true,"href":"https:\/\/lahora.mx\/index.php\/wp-json\/wp\/v2\/tags?post=66323"}],"curies":[{"name":"wp","href":"https:\/\/api.w.org\/{rel}","templated":true}]}}