{"id":66296,"date":"2025-07-13T04:02:47","date_gmt":"2025-07-13T04:02:47","guid":{"rendered":"https:\/\/lahora.mx\/?p=66296"},"modified":"2025-08-05T04:08:21","modified_gmt":"2025-08-05T04:08:21","slug":"adelantara-buap-resultados-de-admision-2025","status":"publish","type":"post","link":"https:\/\/lahora.mx\/index.php\/2025\/07\/13\/adelantara-buap-resultados-de-admision-2025\/","title":{"rendered":"Adelantar\u00e1 BUAP resultados de admisi\u00f3n 2025"},"content":{"rendered":"\n<p>A trav\u00e9s de redes sociales, la Direcci\u00f3n de Admisi\u00f3n Escolar anunci\u00f3 que, tras la revisi\u00f3n de las pruebas de admisi\u00f3n realizadas por m\u00e1s de 70 mil estudiantes para Preparatoria o alguna de las carreras que ofrece la instituci\u00f3n, el proceso, realizado de manera virtual, permitir\u00e1 tener los resultados una semana antes de lo anunciado.<\/p>\n\n\n\n<p>Por ello, la Comisi\u00f3n Institucional de Admisi\u00f3n informa que el pr\u00f3ximo lunes 21 de julio, a partir de las 10 de la ma\u00f1ana, se podr\u00e1n consultar los resultados en la p\u00e1gina http:\/\/www.autoservicios.buap.mx, en el apartado Admisiones.<\/p>\n\n\n\n<p>Se espera que la Casa de Estudios d\u00e9 respuesta a un promedio de 40 mil alumnos para incorporarse a alguna de las cien opciones profesionales que ofrece o a las preparatorias disponibles.<\/p>\n\n\n\n<p>La admisi\u00f3n de los nuevos estudiantes depender\u00e1 del cupo disponible en las carreras en curso, ofrecidas en Puebla a trav\u00e9s de las dos Ciudades Universitarias o en los campus regionales del interior del estado.<\/p>\n\n\n\n<p>La rectora, Lilia Cedillo Ram\u00edrez, expres\u00f3 su disposici\u00f3n para que este a\u00f1o ingresen m\u00e1s alumnos, especialmente en las ingenier\u00edas que se albergan en C.U. 2.<\/p>\n\n\n\n<p>Por otro lado, una vez terminado el proceso de admisi\u00f3n, el personal administrativo y los alumnos estar\u00e1n de vacaciones a partir del 14 de julio.<\/p>\n","protected":false},"excerpt":{"rendered":"<p>A trav\u00e9s de redes sociales, la Direcci\u00f3n de Admisi\u00f3n Escolar anunci\u00f3 que, tras la revisi\u00f3n de las pruebas de admisi\u00f3n realizadas por m\u00e1s de 70 mil estudiantes para Preparatoria o alguna de las carreras que ofrece la instituci\u00f3n, el proceso, realizado de manera virtual, permitir\u00e1 tener los resultados una semana antes de lo anunciado. Por [&hellip;]<\/p>\n","protected":false},"author":4,"featured_media":66297,"comment_status":"open","ping_status":"open","sticky":false,"template":"","format":"standard","meta":{"om_disable_all_campaigns":false,"_monsterinsights_skip_tracking":false,"_monsterinsights_sitenote_active":false,"_monsterinsights_sitenote_note":"","_monsterinsights_sitenote_category":0,"footnotes":""},"categories":[175],"tags":[186,223],"class_list":["post-66296","post","type-post","status-publish","format-standard","has-post-thumbnail","hentry","category-local","tag-buap","tag-puebla"],"amp_enabled":true,"_links":{"self":[{"href":"https:\/\/lahora.mx\/index.php\/wp-json\/wp\/v2\/posts\/66296","targetHints":{"allow":["GET"]}}],"collection":[{"href":"https:\/\/lahora.mx\/index.php\/wp-json\/wp\/v2\/posts"}],"about":[{"href":"https:\/\/lahora.mx\/index.php\/wp-json\/wp\/v2\/types\/post"}],"author":[{"embeddable":true,"href":"https:\/\/lahora.mx\/index.php\/wp-json\/wp\/v2\/users\/4"}],"replies":[{"embeddable":true,"href":"https:\/\/lahora.mx\/index.php\/wp-json\/wp\/v2\/comments?post=66296"}],"version-history":[{"count":1,"href":"https:\/\/lahora.mx\/index.php\/wp-json\/wp\/v2\/posts\/66296\/revisions"}],"predecessor-version":[{"id":66298,"href":"https:\/\/lahora.mx\/index.php\/wp-json\/wp\/v2\/posts\/66296\/revisions\/66298"}],"wp:featuredmedia":[{"embeddable":true,"href":"https:\/\/lahora.mx\/index.php\/wp-json\/wp\/v2\/media\/66297"}],"wp:attachment":[{"href":"https:\/\/lahora.mx\/index.php\/wp-json\/wp\/v2\/media?parent=66296"}],"wp:term":[{"taxonomy":"category","embeddable":true,"href":"https:\/\/lahora.mx\/index.php\/wp-json\/wp\/v2\/categories?post=66296"},{"taxonomy":"post_tag","embeddable":true,"href":"https:\/\/lahora.mx\/index.php\/wp-json\/wp\/v2\/tags?post=66296"}],"curies":[{"name":"wp","href":"https:\/\/api.w.org\/{rel}","templated":true}]}}