{"id":66293,"date":"2025-07-03T03:43:22","date_gmt":"2025-07-03T03:43:22","guid":{"rendered":"https:\/\/lahora.mx\/?p=66293"},"modified":"2025-08-05T03:44:57","modified_gmt":"2025-08-05T03:44:57","slug":"fortalece-buap-los-procesos-de-ensenanza-del-nivel-medio-superior","status":"publish","type":"post","link":"https:\/\/lahora.mx\/index.php\/2025\/07\/03\/fortalece-buap-los-procesos-de-ensenanza-del-nivel-medio-superior\/","title":{"rendered":"Fortalece BUAP los procesos de ense\u00f1anza del nivel medio superior"},"content":{"rendered":"\n<p>Para habilitar a los acad\u00e9micos en el desarrollo de habilidades blandas y transversales, la Direcci\u00f3n de Educaci\u00f3n Media Superior de la BUAP llev\u00f3 a cabo el Verano de Actualizaci\u00f3n Docente, del 13 de junio al 4 de julio con la participaci\u00f3n de aproximadamente mil 100 docentes de dicho nivel educativo.<\/p>\n","protected":false},"excerpt":{"rendered":"<p>Para habilitar a los acad\u00e9micos en el desarrollo de habilidades blandas y transversales, la Direcci\u00f3n de Educaci\u00f3n Media Superior de la BUAP llev\u00f3 a cabo el Verano de Actualizaci\u00f3n Docente, del 13 de junio al 4 de julio con la participaci\u00f3n de aproximadamente mil 100 docentes de dicho nivel educativo.<\/p>\n","protected":false},"author":4,"featured_media":66294,"comment_status":"open","ping_status":"open","sticky":false,"template":"","format":"standard","meta":{"om_disable_all_campaigns":false,"_monsterinsights_skip_tracking":false,"_monsterinsights_sitenote_active":false,"_monsterinsights_sitenote_note":"","_monsterinsights_sitenote_category":0,"footnotes":""},"categories":[175],"tags":[186,223],"class_list":["post-66293","post","type-post","status-publish","format-standard","has-post-thumbnail","hentry","category-local","tag-buap","tag-puebla"],"amp_enabled":true,"_links":{"self":[{"href":"https:\/\/lahora.mx\/index.php\/wp-json\/wp\/v2\/posts\/66293","targetHints":{"allow":["GET"]}}],"collection":[{"href":"https:\/\/lahora.mx\/index.php\/wp-json\/wp\/v2\/posts"}],"about":[{"href":"https:\/\/lahora.mx\/index.php\/wp-json\/wp\/v2\/types\/post"}],"author":[{"embeddable":true,"href":"https:\/\/lahora.mx\/index.php\/wp-json\/wp\/v2\/users\/4"}],"replies":[{"embeddable":true,"href":"https:\/\/lahora.mx\/index.php\/wp-json\/wp\/v2\/comments?post=66293"}],"version-history":[{"count":1,"href":"https:\/\/lahora.mx\/index.php\/wp-json\/wp\/v2\/posts\/66293\/revisions"}],"predecessor-version":[{"id":66295,"href":"https:\/\/lahora.mx\/index.php\/wp-json\/wp\/v2\/posts\/66293\/revisions\/66295"}],"wp:featuredmedia":[{"embeddable":true,"href":"https:\/\/lahora.mx\/index.php\/wp-json\/wp\/v2\/media\/66294"}],"wp:attachment":[{"href":"https:\/\/lahora.mx\/index.php\/wp-json\/wp\/v2\/media?parent=66293"}],"wp:term":[{"taxonomy":"category","embeddable":true,"href":"https:\/\/lahora.mx\/index.php\/wp-json\/wp\/v2\/categories?post=66293"},{"taxonomy":"post_tag","embeddable":true,"href":"https:\/\/lahora.mx\/index.php\/wp-json\/wp\/v2\/tags?post=66293"}],"curies":[{"name":"wp","href":"https:\/\/api.w.org\/{rel}","templated":true}]}}