{"id":66273,"date":"2025-07-19T03:01:15","date_gmt":"2025-07-19T03:01:15","guid":{"rendered":"https:\/\/lahora.mx\/?p=66273"},"modified":"2025-08-05T03:01:49","modified_gmt":"2025-08-05T03:01:49","slug":"gobierno-de-puebla-y-buap-ofrecen-plan-becas-para-jovenes-poblanos","status":"publish","type":"post","link":"https:\/\/lahora.mx\/index.php\/2025\/07\/19\/gobierno-de-puebla-y-buap-ofrecen-plan-becas-para-jovenes-poblanos\/","title":{"rendered":"Gobierno de Puebla y BUAP ofrecen Plan Becas para j\u00f3venes poblanos"},"content":{"rendered":"\n<p>En un esfuerzo conjunto, el Gobierno del Estado a trav\u00e9s de la Secretar\u00eda de Educaci\u00f3n P\u00fablica (SEP) y la Benem\u00e9rita Universidad Aut\u00f3noma de Puebla ofrecer\u00e1n el programa Plan Becas, con una disponibilidad de 10 mil 11 apoyos, para estudiar en instituciones incorporadas a la BUAP y con revalidaci\u00f3n SEP, lo que permitir\u00e1 a las y los j\u00f3venes poblanos continuar con su formaci\u00f3n escolar.<\/p>\n\n\n\n<p>El Plan est\u00e1 dirigido a todas y todos los estudiantes de los niveles medio superior y superior que buscar\u00e1n becas en diversos porcentajes.<\/p>\n\n\n\n<p>Las y los j\u00f3venes interesados pueden acudir al Centro Expositor, en el Sal\u00f3n Loreto, (en la zona hist\u00f3rica de Los Fuertes), del 21 al 24 de julio, en un horario de 10:00 a 17:00 horas.<\/p>\n","protected":false},"excerpt":{"rendered":"<p>En un esfuerzo conjunto, el Gobierno del Estado a trav\u00e9s de la Secretar\u00eda de Educaci\u00f3n P\u00fablica (SEP) y la Benem\u00e9rita Universidad Aut\u00f3noma de Puebla ofrecer\u00e1n el programa Plan Becas, con una disponibilidad de 10 mil 11 apoyos, para estudiar en instituciones incorporadas a la BUAP y con revalidaci\u00f3n SEP, lo que permitir\u00e1 a las y [&hellip;]<\/p>\n","protected":false},"author":4,"featured_media":66274,"comment_status":"open","ping_status":"open","sticky":false,"template":"","format":"standard","meta":{"om_disable_all_campaigns":false,"_monsterinsights_skip_tracking":false,"_monsterinsights_sitenote_active":false,"_monsterinsights_sitenote_note":"","_monsterinsights_sitenote_category":0,"footnotes":""},"categories":[175],"tags":[186,223],"class_list":["post-66273","post","type-post","status-publish","format-standard","has-post-thumbnail","hentry","category-local","tag-buap","tag-puebla"],"amp_enabled":true,"_links":{"self":[{"href":"https:\/\/lahora.mx\/index.php\/wp-json\/wp\/v2\/posts\/66273","targetHints":{"allow":["GET"]}}],"collection":[{"href":"https:\/\/lahora.mx\/index.php\/wp-json\/wp\/v2\/posts"}],"about":[{"href":"https:\/\/lahora.mx\/index.php\/wp-json\/wp\/v2\/types\/post"}],"author":[{"embeddable":true,"href":"https:\/\/lahora.mx\/index.php\/wp-json\/wp\/v2\/users\/4"}],"replies":[{"embeddable":true,"href":"https:\/\/lahora.mx\/index.php\/wp-json\/wp\/v2\/comments?post=66273"}],"version-history":[{"count":1,"href":"https:\/\/lahora.mx\/index.php\/wp-json\/wp\/v2\/posts\/66273\/revisions"}],"predecessor-version":[{"id":66275,"href":"https:\/\/lahora.mx\/index.php\/wp-json\/wp\/v2\/posts\/66273\/revisions\/66275"}],"wp:featuredmedia":[{"embeddable":true,"href":"https:\/\/lahora.mx\/index.php\/wp-json\/wp\/v2\/media\/66274"}],"wp:attachment":[{"href":"https:\/\/lahora.mx\/index.php\/wp-json\/wp\/v2\/media?parent=66273"}],"wp:term":[{"taxonomy":"category","embeddable":true,"href":"https:\/\/lahora.mx\/index.php\/wp-json\/wp\/v2\/categories?post=66273"},{"taxonomy":"post_tag","embeddable":true,"href":"https:\/\/lahora.mx\/index.php\/wp-json\/wp\/v2\/tags?post=66273"}],"curies":[{"name":"wp","href":"https:\/\/api.w.org\/{rel}","templated":true}]}}