{"id":66257,"date":"2025-07-08T02:53:16","date_gmt":"2025-07-08T02:53:16","guid":{"rendered":"https:\/\/lahora.mx\/?p=66257"},"modified":"2025-08-05T02:53:57","modified_gmt":"2025-08-05T02:53:57","slug":"preside-rectora-lilia-cedillo-graduacion-de-la-maestria-en-educacion-superior-generacion-2023-2025","status":"publish","type":"post","link":"https:\/\/lahora.mx\/index.php\/2025\/07\/08\/preside-rectora-lilia-cedillo-graduacion-de-la-maestria-en-educacion-superior-generacion-2023-2025\/","title":{"rendered":"Preside Rectora Lilia Cedillo graduaci\u00f3n de la Maestr\u00eda en Educaci\u00f3n Superior, generaci\u00f3n 2023-2025"},"content":{"rendered":"\n<p>Al presidir la graduaci\u00f3n de 27 egresados de la Maestr\u00eda en Educaci\u00f3n Superior, generaci\u00f3n 2023-2025, de la Facultad de Filosof\u00eda y Letras (FFyL) de la BUAP, la Rectora Lilia Cedillo Ram\u00edrez reconoci\u00f3 la importancia de este plan de estudio, el cual proporciona principios filos\u00f3ficos, epistemol\u00f3gicos, psicol\u00f3gicos y pedag\u00f3gicos del fen\u00f3meno educativo, en particular de la educaci\u00f3n superior.<\/p>\n\n\n\n<p>\u201cMuchos de nosotros nos formamos en la pr\u00e1ctica, a trav\u00e9s de prueba y error, pero cuando se tienen los elementos y conocimientos que ustedes adquirieron, el camino es m\u00e1s fruct\u00edfero y los estudiantes son los beneficiarios de su esfuerzo\u201d, refiri\u00f3.<\/p>\n\n\n\n<p>En su intervenci\u00f3n, la directora de la FFyL, Josefina Manjarrez Rosas, expuso que dichos especialistas contribuir\u00e1n a mejorar la calidad en la educaci\u00f3n superior, mediante la incorporaci\u00f3n de nuevas tecnolog\u00edas, propuestas de cambio y pol\u00edticas en la materia.<\/p>\n","protected":false},"excerpt":{"rendered":"<p>Al presidir la graduaci\u00f3n de 27 egresados de la Maestr\u00eda en Educaci\u00f3n Superior, generaci\u00f3n 2023-2025, de la Facultad de Filosof\u00eda y Letras (FFyL) de la BUAP, la Rectora Lilia Cedillo Ram\u00edrez reconoci\u00f3 la importancia de este plan de estudio, el cual proporciona principios filos\u00f3ficos, epistemol\u00f3gicos, psicol\u00f3gicos y pedag\u00f3gicos del fen\u00f3meno educativo, en particular de la [&hellip;]<\/p>\n","protected":false},"author":4,"featured_media":66258,"comment_status":"open","ping_status":"open","sticky":false,"template":"","format":"standard","meta":{"om_disable_all_campaigns":false,"_monsterinsights_skip_tracking":false,"_monsterinsights_sitenote_active":false,"_monsterinsights_sitenote_note":"","_monsterinsights_sitenote_category":0,"footnotes":""},"categories":[175],"tags":[186,223],"class_list":["post-66257","post","type-post","status-publish","format-standard","has-post-thumbnail","hentry","category-local","tag-buap","tag-puebla"],"amp_enabled":true,"_links":{"self":[{"href":"https:\/\/lahora.mx\/index.php\/wp-json\/wp\/v2\/posts\/66257","targetHints":{"allow":["GET"]}}],"collection":[{"href":"https:\/\/lahora.mx\/index.php\/wp-json\/wp\/v2\/posts"}],"about":[{"href":"https:\/\/lahora.mx\/index.php\/wp-json\/wp\/v2\/types\/post"}],"author":[{"embeddable":true,"href":"https:\/\/lahora.mx\/index.php\/wp-json\/wp\/v2\/users\/4"}],"replies":[{"embeddable":true,"href":"https:\/\/lahora.mx\/index.php\/wp-json\/wp\/v2\/comments?post=66257"}],"version-history":[{"count":1,"href":"https:\/\/lahora.mx\/index.php\/wp-json\/wp\/v2\/posts\/66257\/revisions"}],"predecessor-version":[{"id":66259,"href":"https:\/\/lahora.mx\/index.php\/wp-json\/wp\/v2\/posts\/66257\/revisions\/66259"}],"wp:featuredmedia":[{"embeddable":true,"href":"https:\/\/lahora.mx\/index.php\/wp-json\/wp\/v2\/media\/66258"}],"wp:attachment":[{"href":"https:\/\/lahora.mx\/index.php\/wp-json\/wp\/v2\/media?parent=66257"}],"wp:term":[{"taxonomy":"category","embeddable":true,"href":"https:\/\/lahora.mx\/index.php\/wp-json\/wp\/v2\/categories?post=66257"},{"taxonomy":"post_tag","embeddable":true,"href":"https:\/\/lahora.mx\/index.php\/wp-json\/wp\/v2\/tags?post=66257"}],"curies":[{"name":"wp","href":"https:\/\/api.w.org\/{rel}","templated":true}]}}