{"id":6623,"date":"2022-05-08T23:22:42","date_gmt":"2022-05-08T23:22:42","guid":{"rendered":"http:\/\/lahora.mx\/?p=6623"},"modified":"2022-05-08T23:23:38","modified_gmt":"2022-05-08T23:23:38","slug":"colectivos-piden-ayuda-para-brigadas-de-busqueda-de-personas-desaparecidas","status":"publish","type":"post","link":"https:\/\/lahora.mx\/index.php\/2022\/05\/08\/colectivos-piden-ayuda-para-brigadas-de-busqueda-de-personas-desaparecidas\/","title":{"rendered":"Ayuda para brigadas de b\u00fasqueda de personas desaparecidas solicitan brigadas"},"content":{"rendered":"\n<p>Una&nbsp;<strong>brigada de b\u00fasqueda<\/strong>&nbsp;no s\u00f3lo se trata de asistencia humanitaria, sino que es una actividad en donde los corazones de los familiares se unen y con toda&nbsp;<strong>la fe posible tratan de indagar&nbsp;<\/strong>por su propia cuenta el paradero de su ser querido. Es por ello, que&nbsp;<strong>Voz de los Desaparecidos y Reuniendo Corazones<\/strong>, piden ayuda para su siguiente movilizaci\u00f3n.<\/p>\n\n\n\n<p><strong>En M\u00e9xico hay m\u00e1s de 90 mil personas desaparecidas<\/strong>&nbsp;y tan s\u00f3lo en el estado de Puebla se estima que son<strong>&nbsp;2 mil 636.<\/strong>&nbsp;Es por ello, que el colectivo Voz de los Desaparecidos y la asociaci\u00f3n Reuniendo Corazones har\u00e1n una brigada regional de b\u00fasqueda en campo de personas desaparecidas.<br><\/p>\n\n\n\n<p>La ayuda que&nbsp;<strong>requieren es de elementos<\/strong>&nbsp;para que dicha brigada se lleve a cabo con \u00e9xito. Las herramientas son las siguientes: palas, picos, rastrillos, cuerdas, linternas, ropa, as\u00ed como equipo de protecci\u00f3n. En el equipo de protecci\u00f3n entran<strong>&nbsp;cascos, chalecos, botas y guantes.<\/strong><\/p>\n\n\n\n<p>De igual modo, se puede apoyar con despensas, es decir, con arroz, frijol aceite y az\u00facar. En caso de querer hacer un donativo monetario se puede hacer a trav\u00e9s de I-COMPRAS en el segmento de despensas solidarias.<\/p>\n\n\n\n<p>Las donaciones se est\u00e1n haciendo directamente en la&nbsp;<strong>Universidad Iberoamericana campus Puebla<\/strong>&nbsp;(bah\u00eda de la Ibero) en la entrada principal y videovigilancia. Todo ser\u00e1 recibido&nbsp;<strong>por el voluntariado Ibero<\/strong>, los d\u00edas de mayo.<\/p>\n\n\n\n<p>No obstante, si requieren m\u00e1s informes pueden escribir al correo<strong>&nbsp;julio.gonzalez@iberopuebla.mx<\/strong>&nbsp;o en las redes sociales del Instituto de Derechos Humanos \u201cIgnacio Ellacur\u00eda, SJ\u201d de la Ibero, Puebla.<\/p>\n\n\n\n<p>El Sol de Puebla ya hab\u00eda dado a conocer que, el aumento de las desapariciones en el estado de Puebla comenz\u00f3 bajo el mandato del exgobernador Rafael Moreno Valle, desde su administraci\u00f3n y hasta el a\u00f1o pasado se contabilizaron<strong>&nbsp;un total de 2 mil 531 casos en todo el territorio.<\/strong><\/p>\n\n\n\n<p>De acuerdo con el proyecto<strong>&nbsp;\u201cDignificando la memoria\u201d&nbsp;<\/strong>la militarizaci\u00f3n de la seguridad p\u00fablica y la escala del robo de hidrocarburo en el 2012, convirti\u00f3 a Puebla en el epicentro del huachicol, pues tan solo entre&nbsp;<strong>2011 y 2015&nbsp;<\/strong>las tomas clandestinas incrementaron 91 por ciento.<\/p>\n\n\n\n<p>Dichas coincidencias fueron el&nbsp;<strong>caldo de cultivo para la escalada de violencia<\/strong>&nbsp;y desaparici\u00f3n que se vivi\u00f3 en Puebla a partir del 2016, pues ese a\u00f1o se reportaron&nbsp;<strong>409 desapariciones<\/strong>&nbsp;y para el 2017 se dispararon a 504. Hay que mencionar que en Puebla a diferencia de otros estados el n\u00famero de mujeres desaparecidas fue mayor que el de los hombres.<\/p>\n","protected":false},"excerpt":{"rendered":"<p>Una&nbsp;brigada de b\u00fasqueda&nbsp;no s\u00f3lo se trata de asistencia humanitaria, sino que es una actividad en donde los corazones de los familiares se unen y con toda&nbsp;la fe posible tratan de indagar&nbsp;por su propia cuenta el paradero de su ser querido. Es por ello, que&nbsp;Voz de los Desaparecidos y Reuniendo Corazones, piden ayuda para su siguiente [&hellip;]<\/p>\n","protected":false},"author":4,"featured_media":6624,"comment_status":"open","ping_status":"open","sticky":false,"template":"","format":"standard","meta":{"om_disable_all_campaigns":false,"_monsterinsights_skip_tracking":false,"_monsterinsights_sitenote_active":false,"_monsterinsights_sitenote_note":"","_monsterinsights_sitenote_category":0,"footnotes":""},"categories":[176],"tags":[],"class_list":["post-6623","post","type-post","status-publish","format-standard","has-post-thumbnail","hentry","category-nacional"],"amp_enabled":true,"_links":{"self":[{"href":"https:\/\/lahora.mx\/index.php\/wp-json\/wp\/v2\/posts\/6623","targetHints":{"allow":["GET"]}}],"collection":[{"href":"https:\/\/lahora.mx\/index.php\/wp-json\/wp\/v2\/posts"}],"about":[{"href":"https:\/\/lahora.mx\/index.php\/wp-json\/wp\/v2\/types\/post"}],"author":[{"embeddable":true,"href":"https:\/\/lahora.mx\/index.php\/wp-json\/wp\/v2\/users\/4"}],"replies":[{"embeddable":true,"href":"https:\/\/lahora.mx\/index.php\/wp-json\/wp\/v2\/comments?post=6623"}],"version-history":[{"count":2,"href":"https:\/\/lahora.mx\/index.php\/wp-json\/wp\/v2\/posts\/6623\/revisions"}],"predecessor-version":[{"id":6626,"href":"https:\/\/lahora.mx\/index.php\/wp-json\/wp\/v2\/posts\/6623\/revisions\/6626"}],"wp:featuredmedia":[{"embeddable":true,"href":"https:\/\/lahora.mx\/index.php\/wp-json\/wp\/v2\/media\/6624"}],"wp:attachment":[{"href":"https:\/\/lahora.mx\/index.php\/wp-json\/wp\/v2\/media?parent=6623"}],"wp:term":[{"taxonomy":"category","embeddable":true,"href":"https:\/\/lahora.mx\/index.php\/wp-json\/wp\/v2\/categories?post=6623"},{"taxonomy":"post_tag","embeddable":true,"href":"https:\/\/lahora.mx\/index.php\/wp-json\/wp\/v2\/tags?post=6623"}],"curies":[{"name":"wp","href":"https:\/\/api.w.org\/{rel}","templated":true}]}}