{"id":66212,"date":"2025-07-24T21:04:55","date_gmt":"2025-07-24T21:04:55","guid":{"rendered":"https:\/\/lahora.mx\/?p=66212"},"modified":"2025-08-04T21:06:22","modified_gmt":"2025-08-04T21:06:22","slug":"desde-congreso-trabajan-en-fortalecer-seguridad-en-escuelas-poblanas","status":"publish","type":"post","link":"https:\/\/lahora.mx\/index.php\/2025\/07\/24\/desde-congreso-trabajan-en-fortalecer-seguridad-en-escuelas-poblanas\/","title":{"rendered":"Desde Congreso trabajan en fortalecer seguridad en escuelas poblanas"},"content":{"rendered":"\n<p>Con la finalidad de reforzar la seguridad en las inmediaciones de los planteles educativos, la Comisi\u00f3n de Asuntos Municipales aprob\u00f3 el acuerdo para exhortar a los Ayuntamientos y Concejos Municipales del Estado para que, en coordinaci\u00f3n con la Secretar\u00eda de Seguridad P\u00fablica, realicen operativos de vigilancia con el fin de reforzar la seguridad y generar espacios seguros para las ni\u00f1as, ni\u00f1os y adolescentes.<\/p>\n\n\n\n<p>La propuesta legislativa presentada por la diputada Guadalupe Yamak Taja pretende que los Ayuntamientos refuercen las medidas de seguridad en las escuelas, con el prop\u00f3sito de salvaguardar la integridad f\u00edsica de las y los estudiantes en el trayecto de las instituciones educativas a sus casas.<\/p>\n\n\n\n<p>Asimismo, el \u00f3rgano colegiado aval\u00f3 el acuerdo para exhortar a los Ayuntamientos y a los Concejos Municipales del Estado para que, en t\u00e9rminos del art\u00edculo 94 de la Ley Org\u00e1nica Municipal, autoricen la creaci\u00f3n de la Comisi\u00f3n de Ciencia, Tecnolog\u00eda e Innovaci\u00f3n, con el objetivo de promover e impulsar el desarrollo municipal en la investigaci\u00f3n human\u00edstica, cient\u00edfica, tecnol\u00f3gica e innovaci\u00f3n.<\/p>\n\n\n\n<p>La propuesta legislativa fue presentada por el diputado Jaime Alejandro Aurioles Barroeta.<\/p>\n\n\n\n<p>En m\u00e1s del orden del d\u00eda, las y los integrantes de la Comisi\u00f3n aprobaron el acuerdo para exhortar al Ayuntamiento de Chiautla de Tapia para que durante su ejercicio constitucional inserte en su papeler\u00eda oficial la leyenda conmemorativa \u00abGilberto Bosques Sald\u00edvar: mixteco, diplom\u00e1tico, humanista y orgullo de Chiautla de Tapia\u00bb; lo anterior como muestra de reconocimiento a su labor humanitaria.<\/p>\n\n\n\n<p>El acuerdo fue presentado por la diputada Azucena Rosas Tapia.<\/p>\n\n\n\n<p>Por otra parte, la Comisi\u00f3n de Asuntos Municipales aval\u00f3 el acuerdo para exhortar a los Ayuntamientos y a los Concejos Municipales del Estado para que, en el \u00e1mbito de su competencia, procedan al retiro de las casetas telef\u00f3nicas instaladas en la v\u00eda p\u00fablica, con el fin de mantener los espacios p\u00fablicos libres de obst\u00e1culos y garantizar las condiciones de accesibilidad y movilidad adecuadas para las personas con discapacidad.<\/p>\n\n\n\n<p>Cabe se\u00f1alar que el exhorto fue presentado por la diputada Luana Armida Amador Vallejo.<\/p>\n\n\n\n<p>Como parte del orden del d\u00eda, se aprob\u00f3 el acuerdo para exhortar a los Ayuntamientos y a los Concejos Municipales del Estado para que elaboren lineamientos o reglas de operaci\u00f3n en materia de subsidios, apoyos o donativos, con el fin de garantizar transparencia, equidad, legalidad y eficiencia en la asignaci\u00f3n y entrega de estos recursos, evitando con esto observaciones por parte de la Auditor\u00eda Superior del Estado.<\/p>\n\n\n\n<p>La propuesta legislativa fue presentada por la diputada Laura Guadalupe Vargas Vargas.<\/p>\n\n\n\n<p>Por otra parte, el \u00f3rgano colegiado aval\u00f3 el acuerdo para declarar improcedentes y dejar sin efecto diversas propuestas legislativas presentadas durante la pasada Legislatura.<\/p>\n\n\n\n<p>Asimismo, la Comisi\u00f3n present\u00f3 el informe de los proyectos de contestaci\u00f3n de diversos oficios y escritos turnados al \u00f3rgano colegiado.<\/p>\n\n\n\n<p>A la sesi\u00f3n de la Comisi\u00f3n de Asuntos Municipales asistieron las diputadas Guadalupe Yamak Taja, Leonela Jazm\u00edn Mart\u00ednez Ayala, Laura Guadalupe Vargas Vargas, y el diputado Rosal\u00edo Zanatta Vidaurri.<\/p>\n","protected":false},"excerpt":{"rendered":"<p>Con la finalidad de reforzar la seguridad en las inmediaciones de los planteles educativos, la Comisi\u00f3n de Asuntos Municipales aprob\u00f3 el acuerdo para exhortar a los Ayuntamientos y Concejos Municipales del Estado para que, en coordinaci\u00f3n con la Secretar\u00eda de Seguridad P\u00fablica, realicen operativos de vigilancia con el fin de reforzar la seguridad y generar [&hellip;]<\/p>\n","protected":false},"author":4,"featured_media":66213,"comment_status":"open","ping_status":"open","sticky":false,"template":"","format":"standard","meta":{"om_disable_all_campaigns":false,"_monsterinsights_skip_tracking":false,"_monsterinsights_sitenote_active":false,"_monsterinsights_sitenote_note":"","_monsterinsights_sitenote_category":0,"footnotes":""},"categories":[175],"tags":[227,223],"class_list":["post-66212","post","type-post","status-publish","format-standard","has-post-thumbnail","hentry","category-local","tag-congreso","tag-puebla"],"amp_enabled":true,"_links":{"self":[{"href":"https:\/\/lahora.mx\/index.php\/wp-json\/wp\/v2\/posts\/66212","targetHints":{"allow":["GET"]}}],"collection":[{"href":"https:\/\/lahora.mx\/index.php\/wp-json\/wp\/v2\/posts"}],"about":[{"href":"https:\/\/lahora.mx\/index.php\/wp-json\/wp\/v2\/types\/post"}],"author":[{"embeddable":true,"href":"https:\/\/lahora.mx\/index.php\/wp-json\/wp\/v2\/users\/4"}],"replies":[{"embeddable":true,"href":"https:\/\/lahora.mx\/index.php\/wp-json\/wp\/v2\/comments?post=66212"}],"version-history":[{"count":1,"href":"https:\/\/lahora.mx\/index.php\/wp-json\/wp\/v2\/posts\/66212\/revisions"}],"predecessor-version":[{"id":66214,"href":"https:\/\/lahora.mx\/index.php\/wp-json\/wp\/v2\/posts\/66212\/revisions\/66214"}],"wp:featuredmedia":[{"embeddable":true,"href":"https:\/\/lahora.mx\/index.php\/wp-json\/wp\/v2\/media\/66213"}],"wp:attachment":[{"href":"https:\/\/lahora.mx\/index.php\/wp-json\/wp\/v2\/media?parent=66212"}],"wp:term":[{"taxonomy":"category","embeddable":true,"href":"https:\/\/lahora.mx\/index.php\/wp-json\/wp\/v2\/categories?post=66212"},{"taxonomy":"post_tag","embeddable":true,"href":"https:\/\/lahora.mx\/index.php\/wp-json\/wp\/v2\/tags?post=66212"}],"curies":[{"name":"wp","href":"https:\/\/api.w.org\/{rel}","templated":true}]}}