{"id":66205,"date":"2025-07-22T20:56:41","date_gmt":"2025-07-22T20:56:41","guid":{"rendered":"https:\/\/lahora.mx\/?p=66205"},"modified":"2025-08-04T21:04:51","modified_gmt":"2025-08-04T21:04:51","slug":"signan-convenio-de-colaboracion-congreso-del-estado-y-acecop","status":"publish","type":"post","link":"https:\/\/lahora.mx\/index.php\/2025\/07\/22\/signan-convenio-de-colaboracion-congreso-del-estado-y-acecop\/","title":{"rendered":"Signan Convenio de Colaboraci\u00f3n Congreso del Estado y ACECOP"},"content":{"rendered":"\n<p>Con la finalidad de obtener beneficios que coadyuven al bienestar de las y los trabajadores del Poder Legislativo, el Congreso del Estado suscribi\u00f3 un convenio de colaboraci\u00f3n con la Asociaci\u00f3n de Centros Comerciales de Puebla (ACECOP).<br><br>El convenio permitir\u00e1 que los trabajadores de esta Soberan\u00eda obtengan beneficios directos en establecimientos de diversos centros comerciales.<br><br>Por su parte, el Congreso del Estado ofrecer\u00e1 capacitaci\u00f3n en materia de perspectiva de g\u00e9nero al personal de la Asociaci\u00f3n que as\u00ed lo requiera, reforzando el compromiso con la igualdad y la inclusi\u00f3n en Puebla.<br><br>Durante la firma del convenio, la titular del Voluntariado del Congreso del Estado, Minerva Garc\u00eda Ch\u00e1vez, en representaci\u00f3n de la presidenta de la Junta de Gobierno y Coordinaci\u00f3n Pol\u00edtica, Laura Artemisa Garc\u00eda Ch\u00e1vez, destac\u00f3 los beneficios de este acuerdo que busca mejorar las condiciones de los trabajadores del Congreso, promover la capacitaci\u00f3n en temas relevantes y fomentar la colaboraci\u00f3n entre el Poder Legislativo y el sector empresarial de Puebla.<br><br>De igual manera, la titular de la Unidad para la Igualdad de G\u00e9nero, Daniela Mier Ba\u00f1uelos, se\u00f1al\u00f3 que con estas acciones se reconoce el esfuerzo del gran equipo humano que hace posible el trabajo legislativo, as\u00ed como el compromiso de la ACECOP para capacitar a su personal en materia de g\u00e9nero.<br><br>En su intervenci\u00f3n, el presidente de la Asociaci\u00f3n de Centros Comerciales de Puebla, Enrique Vald\u00e9s Guti\u00e9rrez, se\u00f1al\u00f3 que el convenio refleja una visi\u00f3n conjunta para abonar a una Puebla m\u00e1s equitativa, participativa y con mejores condiciones laborales para el sector p\u00fablico y privado.<br><br>La firma de este acuerdo estar\u00e1 vigente hasta el 14 de septiembre de 2027.<br><br>En este evento tambi\u00e9n se cont\u00f3 con la presencia del Secretario General del Congreso del Estado, Julio Leopoldo de Lara Valera, y el director del Consejo Directivo de la Asociaci\u00f3n de Centros Comerciales, Andr\u00e9s de la Luz Espinoza.<\/p>\n","protected":false},"excerpt":{"rendered":"<p>Con la finalidad de obtener beneficios que coadyuven al bienestar de las y los trabajadores del Poder Legislativo, el Congreso del Estado suscribi\u00f3 un convenio de colaboraci\u00f3n con la Asociaci\u00f3n de Centros Comerciales de Puebla (ACECOP). El convenio permitir\u00e1 que los trabajadores de esta Soberan\u00eda obtengan beneficios directos en establecimientos de diversos centros comerciales. Por [&hellip;]<\/p>\n","protected":false},"author":4,"featured_media":66210,"comment_status":"open","ping_status":"open","sticky":false,"template":"","format":"standard","meta":{"om_disable_all_campaigns":false,"_monsterinsights_skip_tracking":false,"_monsterinsights_sitenote_active":false,"_monsterinsights_sitenote_note":"","_monsterinsights_sitenote_category":0,"footnotes":""},"categories":[175],"tags":[227,223],"class_list":["post-66205","post","type-post","status-publish","format-standard","has-post-thumbnail","hentry","category-local","tag-congreso","tag-puebla"],"amp_enabled":true,"_links":{"self":[{"href":"https:\/\/lahora.mx\/index.php\/wp-json\/wp\/v2\/posts\/66205","targetHints":{"allow":["GET"]}}],"collection":[{"href":"https:\/\/lahora.mx\/index.php\/wp-json\/wp\/v2\/posts"}],"about":[{"href":"https:\/\/lahora.mx\/index.php\/wp-json\/wp\/v2\/types\/post"}],"author":[{"embeddable":true,"href":"https:\/\/lahora.mx\/index.php\/wp-json\/wp\/v2\/users\/4"}],"replies":[{"embeddable":true,"href":"https:\/\/lahora.mx\/index.php\/wp-json\/wp\/v2\/comments?post=66205"}],"version-history":[{"count":1,"href":"https:\/\/lahora.mx\/index.php\/wp-json\/wp\/v2\/posts\/66205\/revisions"}],"predecessor-version":[{"id":66211,"href":"https:\/\/lahora.mx\/index.php\/wp-json\/wp\/v2\/posts\/66205\/revisions\/66211"}],"wp:featuredmedia":[{"embeddable":true,"href":"https:\/\/lahora.mx\/index.php\/wp-json\/wp\/v2\/media\/66210"}],"wp:attachment":[{"href":"https:\/\/lahora.mx\/index.php\/wp-json\/wp\/v2\/media?parent=66205"}],"wp:term":[{"taxonomy":"category","embeddable":true,"href":"https:\/\/lahora.mx\/index.php\/wp-json\/wp\/v2\/categories?post=66205"},{"taxonomy":"post_tag","embeddable":true,"href":"https:\/\/lahora.mx\/index.php\/wp-json\/wp\/v2\/tags?post=66205"}],"curies":[{"name":"wp","href":"https:\/\/api.w.org\/{rel}","templated":true}]}}