{"id":66198,"date":"2025-07-17T20:50:01","date_gmt":"2025-07-17T20:50:01","guid":{"rendered":"https:\/\/lahora.mx\/?p=66198"},"modified":"2025-08-04T21:02:09","modified_gmt":"2025-08-04T21:02:09","slug":"avalan-en-comision-del-congreso-acuerdos-para-promover-campanas-contra-el-cutting-y-el-sexting","status":"publish","type":"post","link":"https:\/\/lahora.mx\/index.php\/2025\/07\/17\/avalan-en-comision-del-congreso-acuerdos-para-promover-campanas-contra-el-cutting-y-el-sexting\/","title":{"rendered":"Avalan en Comisi\u00f3n del Congreso acuerdos para promover campa\u00f1as contra el cutting y el sexting"},"content":{"rendered":"\n<p>La Comisi\u00f3n de Educaci\u00f3n del Congreso del Estado, que preside la diputada Laura Artemisa Garc\u00eda Ch\u00e1vez, aprob\u00f3 el proyecto de acuerdo para exhortar a la Secretar\u00eda de Educaci\u00f3n P\u00fablica y a la Secretar\u00eda de Salud para que, en coordinaci\u00f3n con los Ayuntamientos y los Concejos Municipales del Estado, implementen campa\u00f1as de concientizaci\u00f3n y prevenci\u00f3n de las autolesiones, tambi\u00e9n conocidas como cutting.<\/p>\n\n\n\n<p>Las campa\u00f1as deber\u00e1n dirigirse a madres, padres, tutores y docentes, con la finalidad de proporcionar la orientaci\u00f3n necesaria y, en su caso, la atenci\u00f3n oportuna a los casos de ni\u00f1as, ni\u00f1os y adolescentes que presenten este tipo de conducta autolesiva.<\/p>\n\n\n\n<p>Asimismo, las y los integrantes del \u00f3rgano colegiado avalaron el acuerdo para exhortar a la Secretar\u00eda de Educaci\u00f3n P\u00fablica a que, en coordinaci\u00f3n con la Polic\u00eda Estatal Cibern\u00e9tica, capaciten a las y los docentes para dise\u00f1ar protocolos de prevenci\u00f3n, atenci\u00f3n y denuncia en materia de sexting y violencia digital, a fin de garantizar el uso seguro del internet en las y los estudiantes.<\/p>\n\n\n\n<p>Durante la sesi\u00f3n de la Comisi\u00f3n tambi\u00e9n aprobaron el proyecto de acuerdo para exhortar a la Secretar\u00eda de Educaci\u00f3n P\u00fablica a que, en coordinaci\u00f3n con la Secretar\u00eda de Salud, dise\u00f1en e implementen protocolos de atenci\u00f3n inmediata de emergencia m\u00e9dica en el entorno escolar y otorguen capacitaci\u00f3n al personal docente, directivo y administrativo, con el objeto de evitar o minimizar da\u00f1os en situaciones de riesgo en las escuelas.<\/p>\n\n\n\n<p>Finalmente, la Comisi\u00f3n de Educaci\u00f3n aval\u00f3 los proyectos de contestaci\u00f3n de un oficio y tres escritos turnados al \u00f3rgano colegiado.<\/p>\n\n\n\n<p>A la sesi\u00f3n asistieron las diputadas Laura Artemisa Garc\u00eda Ch\u00e1vez, Ang\u00e9lica Patricia Alvarado Ju\u00e1rez, Araceli Celestino Rosas, Ana Laura G\u00f3mez Ram\u00edrez, Mar\u00eda Fernanda De la Barreda Angon y Mar\u00eda Soledad Amieva Zamora.<\/p>\n","protected":false},"excerpt":{"rendered":"<p>La Comisi\u00f3n de Educaci\u00f3n del Congreso del Estado, que preside la diputada Laura Artemisa Garc\u00eda Ch\u00e1vez, aprob\u00f3 el proyecto de acuerdo para exhortar a la Secretar\u00eda de Educaci\u00f3n P\u00fablica y a la Secretar\u00eda de Salud para que, en coordinaci\u00f3n con los Ayuntamientos y los Concejos Municipales del Estado, implementen campa\u00f1as de concientizaci\u00f3n y prevenci\u00f3n de [&hellip;]<\/p>\n","protected":false},"author":4,"featured_media":66207,"comment_status":"open","ping_status":"open","sticky":false,"template":"","format":"standard","meta":{"om_disable_all_campaigns":false,"_monsterinsights_skip_tracking":false,"_monsterinsights_sitenote_active":false,"_monsterinsights_sitenote_note":"","_monsterinsights_sitenote_category":0,"footnotes":""},"categories":[175],"tags":[227,223],"class_list":["post-66198","post","type-post","status-publish","format-standard","has-post-thumbnail","hentry","category-local","tag-congreso","tag-puebla"],"amp_enabled":true,"_links":{"self":[{"href":"https:\/\/lahora.mx\/index.php\/wp-json\/wp\/v2\/posts\/66198","targetHints":{"allow":["GET"]}}],"collection":[{"href":"https:\/\/lahora.mx\/index.php\/wp-json\/wp\/v2\/posts"}],"about":[{"href":"https:\/\/lahora.mx\/index.php\/wp-json\/wp\/v2\/types\/post"}],"author":[{"embeddable":true,"href":"https:\/\/lahora.mx\/index.php\/wp-json\/wp\/v2\/users\/4"}],"replies":[{"embeddable":true,"href":"https:\/\/lahora.mx\/index.php\/wp-json\/wp\/v2\/comments?post=66198"}],"version-history":[{"count":1,"href":"https:\/\/lahora.mx\/index.php\/wp-json\/wp\/v2\/posts\/66198\/revisions"}],"predecessor-version":[{"id":66200,"href":"https:\/\/lahora.mx\/index.php\/wp-json\/wp\/v2\/posts\/66198\/revisions\/66200"}],"wp:featuredmedia":[{"embeddable":true,"href":"https:\/\/lahora.mx\/index.php\/wp-json\/wp\/v2\/media\/66207"}],"wp:attachment":[{"href":"https:\/\/lahora.mx\/index.php\/wp-json\/wp\/v2\/media?parent=66198"}],"wp:term":[{"taxonomy":"category","embeddable":true,"href":"https:\/\/lahora.mx\/index.php\/wp-json\/wp\/v2\/categories?post=66198"},{"taxonomy":"post_tag","embeddable":true,"href":"https:\/\/lahora.mx\/index.php\/wp-json\/wp\/v2\/tags?post=66198"}],"curies":[{"name":"wp","href":"https:\/\/api.w.org\/{rel}","templated":true}]}}