{"id":66194,"date":"2025-07-15T20:48:00","date_gmt":"2025-07-15T20:48:00","guid":{"rendered":"https:\/\/lahora.mx\/?p=66194"},"modified":"2025-08-04T20:49:42","modified_gmt":"2025-08-04T20:49:42","slug":"aprueba-congreso-donacion-de-predio-para-construccion-y-funcionamiento-de-casa-del-abue","status":"publish","type":"post","link":"https:\/\/lahora.mx\/index.php\/2025\/07\/15\/aprueba-congreso-donacion-de-predio-para-construccion-y-funcionamiento-de-casa-del-abue\/","title":{"rendered":"Aprueba Congreso donaci\u00f3n de predio para construcci\u00f3n y funcionamiento de Casa del Abue\u00a0"},"content":{"rendered":"\n<p>El Pleno de la LXII Legislatura aprob\u00f3 el dictamen para autorizar la enajenaci\u00f3n, bajo la figura de donaci\u00f3n a t\u00edtulo gratuito, de un predio ubicado en el conjunto habitacional \u00abTorres Mayorazgo\u201d de la capital, a favor del Gobierno del Estado de Puebla con destino a la construcci\u00f3n y funcionamiento de un Centro de Gerontolog\u00eda denominado \u00abCasa del Abue\u201d, a prestarse en el municipio de Puebla, Puebla.<\/p>\n\n\n\n<p>De acuerdo con el dictamen aprobado, el predio cuenta con una superficie de 2,353.69 metros cuadrados y est\u00e1 marcado con el n\u00famero oficial 1559 de la calle 103 Poniente del conjunto habitacional \u00abTorres Mayorazgo\u201d de la ciudad de Puebla.<\/p>\n\n\n\n<p>En sesi\u00f3n ordinaria, el Congreso del Estado tambi\u00e9n aprob\u00f3 el dictamen por el que se autoriza al ayuntamiento del Municipio de Puebla la enajenaci\u00f3n, bajo la figura de donaci\u00f3n a t\u00edtulo gratuito, de una superficie de 5,206.63 metros cuadrados de una fracci\u00f3n que se segrega del predio identificado con el n\u00famero 1501 de la Avenida Rosendo M\u00e1rquez, colonia La Paz de la ciudad de Puebla, a favor del Gobierno del Estado con destino al funcionamiento de Oficinas de Gobierno de la Secretar\u00eda de Comunicaciones y Transportes hoy Secretar\u00eda de Movilidad y Transporte.<\/p>\n\n\n\n<p>Las y los diputados tambi\u00e9n avalaron el dictamen por el que se autoriza al Gobierno del Estado de Puebla la enajenaci\u00f3n, bajo la figura de donaci\u00f3n a t\u00edtulo gratuito, respecto de tres inmuebles propiedad del Gobierno del Estado, que conforman uno s\u00f3lo y se identifican con el N\u00famero Oficial 12110 de la calle 11 Sur del Infonavit Agua Santa de la ciudad de Puebla, con una superficie total de 7,597.87 metros cuadrados, a favor del Sistema Municipal DIF del Ayuntamiento de Puebla para el funcionamiento y operaci\u00f3n del Centro Municipal de Equinoterapia y Rehabilitaci\u00f3n Integral.<\/p>\n\n\n\n<p>APRUEBAN REFORMAS Y EXHORTOS PARA PROTECCI\u00d3N DE DIFERENTES GRUPOS SOCIALES<\/p>\n\n\n\n<p>Por otra parte, el Pleno del Congreso aprob\u00f3 el dictamen para reformar y adicionar diversas disposiciones de la Ley de los Derechos de las Ni\u00f1as, Ni\u00f1os y Adolescentes del Estado, con la finalidad de garantizar una crianza positiva, as\u00ed como entornos m\u00e1s sanos y seguros para este sector de la poblaci\u00f3n.<\/p>\n\n\n\n<p>La crianza positiva es el conjunto de pr\u00e1cticas de cuidado, protecci\u00f3n, formaci\u00f3n y gu\u00eda que ayuda al desarrollo, bienestar y crecimiento saludable y armonioso de las ni\u00f1as, ni\u00f1os y adolescentes.<\/p>\n\n\n\n<p>Para ello, se debe tomar en cuenta la edad, facultades, caracter\u00edsticas, cualidades, intereses, motivaciones, l\u00edmites y aspiraciones, sin recurrir a castigos corporales ni tratos humillantes y crueles, salvaguardando el inter\u00e9s superior de la ni\u00f1ez con un enfoque de derechos humanos.<\/p>\n\n\n\n<p>Tambi\u00e9n considera que las autoridades estatales y municipales est\u00e1n obligadas a establecer pol\u00edticas de fortalecimiento familiar y crianza positiva para evitar separaci\u00f3n de ni\u00f1as, ni\u00f1os y adolescentes de su entorno familiar y para que, en su caso, sean atendidos a trav\u00e9s de las medidas especiales de protecci\u00f3n.<\/p>\n\n\n\n<p>Durante su participaci\u00f3n en Tribuna, las diputadas Leonela Jazm\u00edn Mart\u00ednez Ayala y Mar\u00eda Fernanda de la Barreda Angon destacaron que educar no es violentar, corregir no es humillar y amar es tambi\u00e9n poner l\u00edmites, por lo que esta reforma ser\u00e1 fundamental para el desarrollo y bienestar de las y los menores.&nbsp;<\/p>\n\n\n\n<p>Por otra parte, el Pleno aval\u00f3 el acuerdo para exhortar a la Secretar\u00eda de Movilidad y Transporte del Estado a implementar acciones para verificar y garantizar que los prestadores del servicio p\u00fablico de transporte cumplan con el destino e identificaci\u00f3n de los asientos reservados para personas con discapacidad, garantizando que est\u00e9n en \u00f3ptimas condiciones de uso y accesibilidad, as\u00ed como implementar campa\u00f1as de concientizaci\u00f3n social para promover el respeto hacia dichos espacios por parte de las personas usuarias.<\/p>\n\n\n\n<p>Al respecto, la diputada Luana Armida Amador Vallejo indic\u00f3 que todas las personas en alg\u00fan momento est\u00e1n expuestas a padecer una discapacidad, ya sea temporal o permanente, por ello, acciones tan sencillas no solo son solidaridad, sino comprender que todas las personas comparten el mismo derecho a la dignidad.&nbsp;<\/p>\n\n\n\n<p>Las y los diputados tambi\u00e9n avalaron el acuerdo para exhortar a los Ayuntamientos y Concejos Municipales del Estado para que, en coordinaci\u00f3n con la Comisi\u00f3n para Combatir, Prevenir y Erradicar el Trabajo Infantil en el Estado de Puebla, instalen una comisi\u00f3n interinstitucional e implementen estrategias permanentes e integrales para la prevenci\u00f3n y erradicaci\u00f3n del trabajo infantil, as\u00ed como la explotaci\u00f3n laboral de las y los adolescentes en edad permitida para trabajar, a fin de garantizar su integridad y respeto a sus derechos humanos.<\/p>\n\n\n\n<p>Sobre el tema, el diputado Elpidio D\u00edaz Escobar indic\u00f3 que es necesario trabajar por el bienestar de las infancias desde todas las trincheras.&nbsp;<\/p>\n\n\n\n<p>De igual forma, el Congreso del Estado aval\u00f3 el acuerdo que present\u00f3 la Comisi\u00f3n de Asuntos Metropolitanos por el que solicita a los 19 Municipios que integran la Zona Metropolitana del Estado de Puebla, para que impulsen acciones, estrategias, pol\u00edticas p\u00fablicas y servicios para promover y garantizar el derecho a los cuidados.<\/p>\n\n\n\n<p>En su posicionamiento, la diputada Fedrha Isabel Suriano Corrales indic\u00f3 que este tema debe ser una prioridad en las agendas legislativas y debe invitar a reflexionar a las personas para contar con una Puebla m\u00e1s justa, solidaria y humana.<\/p>\n\n\n\n<p>AVALAN REFORMAS EN MATERIA FORESTAL Y AL C\u00d3DIGO FISCAL&nbsp;<\/p>\n\n\n\n<p>El Congreso del Estado aval\u00f3 el dictamen para reformar y adicionar diversas disposiciones de la Ley de Desarrollo Forestal Sustentable del Estado de Puebla, con el objetivo de incorporar diversas disposiciones en materia de prevenci\u00f3n, combate y control de incendios en terrenos de uso agropecuario.&nbsp;<\/p>\n\n\n\n<p>Tambi\u00e9n se establece como atribuci\u00f3n de la Secretar\u00eda de Medio Ambiente, Desarrollo Sustentable y Ordenamiento Territorial coordinar, integrar, monitorear y mantener actualizado el inventario estatal forestal y de uso de suelos, as\u00ed como el sistema estatal de informaci\u00f3n forestal.&nbsp;&nbsp;<\/p>\n\n\n\n<p>La diputada Beatriz Manrique Guevara y el diputado Miguel M\u00e1rquez R\u00edos coincidieron en que es necesario contar con una gobernanza ambiental y con sistemas de informaci\u00f3n que permitan dar un seguimiento adecuado, ya que Puebla es un Estado biodiverso.&nbsp;&nbsp;<\/p>\n\n\n\n<p>Por otra parte, las y los diputados avalaron el dictamen para reformar y adicionar diversas disposiciones del C\u00f3digo Fiscal del Estado de Puebla, que permita dar certeza y seguridad a los contribuyentes respecto del proceder de las autoridades adscritas a la Secretar\u00eda de Planeaci\u00f3n, Finanzas y Administraci\u00f3n en el ejercicio de sus atribuciones y funciones en materia de recaudaci\u00f3n, revisi\u00f3n, determinaci\u00f3n y cobro coactivo.&nbsp;<\/p>\n\n\n\n<p>Tambi\u00e9n se especifica que no se pueden destinarse los ingresos provenientes de contribuciones a un fin espec\u00edfico, en congruencia con lo dispuesto en el C\u00f3digo Fiscal de la Federaci\u00f3n; y se eliminan las Oficinas Receptoras de Pago como centros de recaudaci\u00f3n, tomando en consideraci\u00f3n la autorizaci\u00f3n de medios electr\u00f3nicos y establecimientos, as\u00ed como delimitar que la garant\u00eda del inter\u00e9s fiscal, cuando se lleve a cabo mediante dep\u00f3sito en dinero, debe de realizarse en la Secretar\u00eda de Planeaci\u00f3n, Finanzas y Administraci\u00f3n.<\/p>\n\n\n\n<p>El Congreso del Estado aprob\u00f3 el dictamen que present\u00f3 la Comisi\u00f3n de Hacienda y Patrimonio Municipal para reformar el art\u00edculo 1 de la Ley de Ingresos del Municipio de Santa Catarina Tlaltempan, Puebla, para el Ejercicio Fiscal 2025, con el objetivo de contemplar la correcta dispersi\u00f3n de las participaciones que estima recibir este Ayuntamiento, y no afectar la integraci\u00f3n y ejecuci\u00f3n del Presupuesto de Egresos, dado que los programas presupuestarios del municipio deben vincularse de manera congruente con la Ley.<\/p>\n\n\n\n<p>Adem\u00e1s, que la Ley de Ingresos establece las fuentes de financiamiento del Ayuntamiento, mientras que el Presupuesto de Egresos detalla c\u00f3mo se utilizar\u00e1n esos recursos. Si las participaciones estimadas no se calculan correctamente o se sobreestiman, podr\u00eda generar un d\u00e9ficit en el presupuesto, limitando la capacidad del Ayuntamiento para cumplir con sus obligaciones y ejecuci\u00f3n de programas.<\/p>\n\n\n\n<p>Finalmente, el Congreso del Estado aval\u00f3 el acuerdo que present\u00f3 la Junta de Gobierno y Coordinaci\u00f3n Pol\u00edtica del Congreso del Estado, que contiene la propuesta para integrar a la diputada Leonela Jazm\u00edn Mart\u00ednez Ayala y al diputado Elpidio D\u00edaz Escobar a la Comisi\u00f3n Permanente que actuar\u00e1 del 16 de julio al 14 de septiembre de 2025.<\/p>\n","protected":false},"excerpt":{"rendered":"<p>El Pleno de la LXII Legislatura aprob\u00f3 el dictamen para autorizar la enajenaci\u00f3n, bajo la figura de donaci\u00f3n a t\u00edtulo gratuito, de un predio ubicado en el conjunto habitacional \u00abTorres Mayorazgo\u201d de la capital, a favor del Gobierno del Estado de Puebla con destino a la construcci\u00f3n y funcionamiento de un Centro de Gerontolog\u00eda denominado [&hellip;]<\/p>\n","protected":false},"author":4,"featured_media":66195,"comment_status":"open","ping_status":"open","sticky":false,"template":"","format":"standard","meta":{"om_disable_all_campaigns":false,"_monsterinsights_skip_tracking":false,"_monsterinsights_sitenote_active":false,"_monsterinsights_sitenote_note":"","_monsterinsights_sitenote_category":0,"footnotes":""},"categories":[175],"tags":[227,223],"class_list":["post-66194","post","type-post","status-publish","format-standard","has-post-thumbnail","hentry","category-local","tag-congreso","tag-puebla"],"amp_enabled":true,"_links":{"self":[{"href":"https:\/\/lahora.mx\/index.php\/wp-json\/wp\/v2\/posts\/66194","targetHints":{"allow":["GET"]}}],"collection":[{"href":"https:\/\/lahora.mx\/index.php\/wp-json\/wp\/v2\/posts"}],"about":[{"href":"https:\/\/lahora.mx\/index.php\/wp-json\/wp\/v2\/types\/post"}],"author":[{"embeddable":true,"href":"https:\/\/lahora.mx\/index.php\/wp-json\/wp\/v2\/users\/4"}],"replies":[{"embeddable":true,"href":"https:\/\/lahora.mx\/index.php\/wp-json\/wp\/v2\/comments?post=66194"}],"version-history":[{"count":1,"href":"https:\/\/lahora.mx\/index.php\/wp-json\/wp\/v2\/posts\/66194\/revisions"}],"predecessor-version":[{"id":66196,"href":"https:\/\/lahora.mx\/index.php\/wp-json\/wp\/v2\/posts\/66194\/revisions\/66196"}],"wp:featuredmedia":[{"embeddable":true,"href":"https:\/\/lahora.mx\/index.php\/wp-json\/wp\/v2\/media\/66195"}],"wp:attachment":[{"href":"https:\/\/lahora.mx\/index.php\/wp-json\/wp\/v2\/media?parent=66194"}],"wp:term":[{"taxonomy":"category","embeddable":true,"href":"https:\/\/lahora.mx\/index.php\/wp-json\/wp\/v2\/categories?post=66194"},{"taxonomy":"post_tag","embeddable":true,"href":"https:\/\/lahora.mx\/index.php\/wp-json\/wp\/v2\/tags?post=66194"}],"curies":[{"name":"wp","href":"https:\/\/api.w.org\/{rel}","templated":true}]}}