{"id":66192,"date":"2025-07-14T20:45:47","date_gmt":"2025-07-14T20:45:47","guid":{"rendered":"https:\/\/lahora.mx\/?p=66192"},"modified":"2025-08-04T20:49:47","modified_gmt":"2025-08-04T20:49:47","slug":"avala-comision-del-congreso-exhorto-para-garantizar-asientos-a-personas-con-discapacidad-en-transporte-publico-2","status":"publish","type":"post","link":"https:\/\/lahora.mx\/index.php\/2025\/07\/14\/avala-comision-del-congreso-exhorto-para-garantizar-asientos-a-personas-con-discapacidad-en-transporte-publico-2\/","title":{"rendered":"Avala Comisi\u00f3n del Congreso exhorto para garantizar asientos a personas con discapacidad en transporte p\u00fablico\u00a0"},"content":{"rendered":"\n<p>En sesi\u00f3n de la Comisi\u00f3n de Transportes y Movilidad del Congreso, las y los diputados aprobaron el acuerdo por el que se exhorta a la Secretar\u00eda de Movilidad y Transporte del Estado para que implemente las acciones necesarias para verificar y garantizar que los prestadores de servicio p\u00fablico de transporte cumplan con el destino e identificaci\u00f3n de los asientos asignados a personas con discapacidad.&nbsp;<\/p>\n\n\n\n<p>Lo anterior, garantizando que est\u00e9n en \u00f3ptimas condiciones de uso y accesibilidad, adem\u00e1s de implementar campa\u00f1as de concientizaci\u00f3n social para promover el respeto hacia dichos espacios por parte de las personas usuarias.&nbsp;<\/p>\n\n\n\n<p>El punto de acuerdo fue presentado en su momento por la diputada Luana Armida Amador Vallejo.<\/p>\n\n\n\n<p>Durante la sesi\u00f3n del \u00f3rgano colegiado estuvieron presentes las diputadas Ang\u00e9lica Patricia Alvarado Ju\u00e1rez y Mar\u00eda Soledad Amieva Zamora, as\u00ed como los diputados Elpidio D\u00edaz Escobar y Miguel M\u00e1rquez R\u00edos.&nbsp;<\/p>\n\n\n\n<p>Adem\u00e1s, en sesi\u00f3n de la Comisi\u00f3n de Derechos Humanos, donde estuvieron presentes los diputados Roberto Zatar\u00e1in Leal, Julio Miguel Huerta G\u00f3mez, Elpidio D\u00edaz Escobar, Jos\u00e9 Miguel Trujillo de Ita y \u00d3scar Mauricio C\u00e9spedes Peregrina, adem\u00e1s de las diputadas Ang\u00e9lica Patricia Alvarado Ju\u00e1rez y Luana Armida Amador Vallejo, se aprob\u00f3 el acuerdo por el que se dejan sin efecto diversas propuestas legislativas presentadas en la LXI Legislatura.<\/p>\n","protected":false},"excerpt":{"rendered":"<p>En sesi\u00f3n de la Comisi\u00f3n de Transportes y Movilidad del Congreso, las y los diputados aprobaron el acuerdo por el que se exhorta a la Secretar\u00eda de Movilidad y Transporte del Estado para que implemente las acciones necesarias para verificar y garantizar que los prestadores de servicio p\u00fablico de transporte cumplan con el destino e [&hellip;]<\/p>\n","protected":false},"author":4,"featured_media":66193,"comment_status":"open","ping_status":"open","sticky":false,"template":"","format":"standard","meta":{"om_disable_all_campaigns":false,"_monsterinsights_skip_tracking":false,"_monsterinsights_sitenote_active":false,"_monsterinsights_sitenote_note":"","_monsterinsights_sitenote_category":0,"footnotes":""},"categories":[175],"tags":[227,223],"class_list":["post-66192","post","type-post","status-publish","format-standard","has-post-thumbnail","hentry","category-local","tag-congreso","tag-puebla"],"amp_enabled":true,"_links":{"self":[{"href":"https:\/\/lahora.mx\/index.php\/wp-json\/wp\/v2\/posts\/66192","targetHints":{"allow":["GET"]}}],"collection":[{"href":"https:\/\/lahora.mx\/index.php\/wp-json\/wp\/v2\/posts"}],"about":[{"href":"https:\/\/lahora.mx\/index.php\/wp-json\/wp\/v2\/types\/post"}],"author":[{"embeddable":true,"href":"https:\/\/lahora.mx\/index.php\/wp-json\/wp\/v2\/users\/4"}],"replies":[{"embeddable":true,"href":"https:\/\/lahora.mx\/index.php\/wp-json\/wp\/v2\/comments?post=66192"}],"version-history":[{"count":1,"href":"https:\/\/lahora.mx\/index.php\/wp-json\/wp\/v2\/posts\/66192\/revisions"}],"predecessor-version":[{"id":66197,"href":"https:\/\/lahora.mx\/index.php\/wp-json\/wp\/v2\/posts\/66192\/revisions\/66197"}],"wp:featuredmedia":[{"embeddable":true,"href":"https:\/\/lahora.mx\/index.php\/wp-json\/wp\/v2\/media\/66193"}],"wp:attachment":[{"href":"https:\/\/lahora.mx\/index.php\/wp-json\/wp\/v2\/media?parent=66192"}],"wp:term":[{"taxonomy":"category","embeddable":true,"href":"https:\/\/lahora.mx\/index.php\/wp-json\/wp\/v2\/categories?post=66192"},{"taxonomy":"post_tag","embeddable":true,"href":"https:\/\/lahora.mx\/index.php\/wp-json\/wp\/v2\/tags?post=66192"}],"curies":[{"name":"wp","href":"https:\/\/api.w.org\/{rel}","templated":true}]}}