{"id":66186,"date":"2025-07-13T20:43:30","date_gmt":"2025-07-13T20:43:30","guid":{"rendered":"https:\/\/lahora.mx\/?p=66186"},"modified":"2025-08-04T20:45:39","modified_gmt":"2025-08-04T20:45:39","slug":"congreso-valora-capacidad-conocimiento-y-sensibilidad-de-abogadas-y-abogados-laura-artemisa","status":"publish","type":"post","link":"https:\/\/lahora.mx\/index.php\/2025\/07\/13\/congreso-valora-capacidad-conocimiento-y-sensibilidad-de-abogadas-y-abogados-laura-artemisa\/","title":{"rendered":"Congreso valora capacidad, conocimiento y sensibilidad de abogadas y abogados: Laura Artemisa\u00a0"},"content":{"rendered":"\n<p>En el marco del D\u00eda del Abogado y de la conmemoraci\u00f3n por los 200 a\u00f1os de la Constituci\u00f3n Pol\u00edtica del Estado Libre y Soberano de Puebla, la presidenta de la Junta de Gobierno y Coordinaci\u00f3n Pol\u00edtica del Congreso, Laura Artemisa Garc\u00eda Ch\u00e1vez se\u00f1al\u00f3 que el Poder Legislativo valora la capacidad, conocimiento, habilidad y sensibilidad de las y los profesionales del Derecho para interpretar la Ley.&nbsp;<\/p>\n\n\n\n<p>Durante la celebraci\u00f3n del foro denominado \u201cAbogados: Transitando hacia el constitucionalismo del siglo XXI en el Estado Libre y Soberano de Puebla\u201d, en su segundo eje tem\u00e1tico \u201cInstituciones, gobernabilidad y redise\u00f1o del Estado\u201d, la diputada presidenta indic\u00f3 que la Ley le da sentido a la vida democr\u00e1tica, por ello, es relevante analizar y conmemorar la Constituci\u00f3n, como el m\u00e1ximo ordenamiento que permite la gobernabilidad y existencia de las instituciones.&nbsp;<\/p>\n\n\n\n<p>\u201cConocer nuestra historia constitucional nos empodera, nos permite exigir con fundamento, participar con conocimiento y defender con convicci\u00f3n. Hoy, en un contexto donde la democracia se fortalece desde lo local, es fundamental que los y las poblanas conozcan la Constituci\u00f3n\u201d, enfatiz\u00f3.&nbsp;<\/p>\n\n\n\n<p>Por su parte, el Secretario General del Congreso, Julio Leopoldo de Lara Valera destac\u00f3 la importancia de llevar a cabo estos espacios de di\u00e1logo, donde las y los expertos realicen propuestas que se enlacen con la realidad que vive el Estado de Puebla.<\/p>\n\n\n\n<p>En el encuentro donde estuvieron presentes las diputadas Beatriz Manrique Guevara y Esther Mart\u00ednez Romano, as\u00ed como la titular del Voluntariado, Minerva Garc\u00eda Ch\u00e1vez y el titular de la Direcci\u00f3n General de Administraci\u00f3n y Finanzas, Luis Antonio Mu\u00f1oz L\u00f3pez, el pres\u00eddium entreg\u00f3 reconocimientos a distintas agrupaciones de abogadas y abogados con presencia en la entidad.<\/p>\n","protected":false},"excerpt":{"rendered":"<p>En el marco del D\u00eda del Abogado y de la conmemoraci\u00f3n por los 200 a\u00f1os de la Constituci\u00f3n Pol\u00edtica del Estado Libre y Soberano de Puebla, la presidenta de la Junta de Gobierno y Coordinaci\u00f3n Pol\u00edtica del Congreso, Laura Artemisa Garc\u00eda Ch\u00e1vez se\u00f1al\u00f3 que el Poder Legislativo valora la capacidad, conocimiento, habilidad y sensibilidad de [&hellip;]<\/p>\n","protected":false},"author":4,"featured_media":66187,"comment_status":"open","ping_status":"open","sticky":false,"template":"","format":"standard","meta":{"om_disable_all_campaigns":false,"_monsterinsights_skip_tracking":false,"_monsterinsights_sitenote_active":false,"_monsterinsights_sitenote_note":"","_monsterinsights_sitenote_category":0,"footnotes":""},"categories":[175],"tags":[227,223],"class_list":["post-66186","post","type-post","status-publish","format-standard","has-post-thumbnail","hentry","category-local","tag-congreso","tag-puebla"],"amp_enabled":true,"_links":{"self":[{"href":"https:\/\/lahora.mx\/index.php\/wp-json\/wp\/v2\/posts\/66186","targetHints":{"allow":["GET"]}}],"collection":[{"href":"https:\/\/lahora.mx\/index.php\/wp-json\/wp\/v2\/posts"}],"about":[{"href":"https:\/\/lahora.mx\/index.php\/wp-json\/wp\/v2\/types\/post"}],"author":[{"embeddable":true,"href":"https:\/\/lahora.mx\/index.php\/wp-json\/wp\/v2\/users\/4"}],"replies":[{"embeddable":true,"href":"https:\/\/lahora.mx\/index.php\/wp-json\/wp\/v2\/comments?post=66186"}],"version-history":[{"count":1,"href":"https:\/\/lahora.mx\/index.php\/wp-json\/wp\/v2\/posts\/66186\/revisions"}],"predecessor-version":[{"id":66190,"href":"https:\/\/lahora.mx\/index.php\/wp-json\/wp\/v2\/posts\/66186\/revisions\/66190"}],"wp:featuredmedia":[{"embeddable":true,"href":"https:\/\/lahora.mx\/index.php\/wp-json\/wp\/v2\/media\/66187"}],"wp:attachment":[{"href":"https:\/\/lahora.mx\/index.php\/wp-json\/wp\/v2\/media?parent=66186"}],"wp:term":[{"taxonomy":"category","embeddable":true,"href":"https:\/\/lahora.mx\/index.php\/wp-json\/wp\/v2\/categories?post=66186"},{"taxonomy":"post_tag","embeddable":true,"href":"https:\/\/lahora.mx\/index.php\/wp-json\/wp\/v2\/tags?post=66186"}],"curies":[{"name":"wp","href":"https:\/\/api.w.org\/{rel}","templated":true}]}}