{"id":66168,"date":"2025-07-06T20:23:45","date_gmt":"2025-07-06T20:23:45","guid":{"rendered":"https:\/\/lahora.mx\/?p=66168"},"modified":"2025-08-04T20:26:45","modified_gmt":"2025-08-04T20:26:45","slug":"educacion-unico-camino-para-la-transformacion-y-el-cambio-social-destaca-laura-artemisa","status":"publish","type":"post","link":"https:\/\/lahora.mx\/index.php\/2025\/07\/06\/educacion-unico-camino-para-la-transformacion-y-el-cambio-social-destaca-laura-artemisa\/","title":{"rendered":"Educaci\u00f3n, \u00fanico camino para la transformaci\u00f3n y el cambio social, destaca Laura Artemisa\u00a0"},"content":{"rendered":"\n<p>Al encabezar la ceremonia de graduaci\u00f3n de Educaci\u00f3n B\u00e1sica para Adultos en el Congreso del Estado, la presidenta de la Junta de Gobierno y Coordinaci\u00f3n Pol\u00edtica, Laura Artemisa Garc\u00eda Ch\u00e1vez se\u00f1al\u00f3 que la educaci\u00f3n es el \u00fanico camino para la transformaci\u00f3n y el cambio social, as\u00ed como una herramienta para seguir adelante y mejorar la calidad de vida.<\/p>\n\n\n\n<p>En su mensaje a las y los graduados, reconoci\u00f3 la tenacidad y paciencia de quienes concluyeron sus estudios, ya que es muestra de su compromiso y esfuerzo, a pesar de las circunstancias por las que atraviesa cada persona.&nbsp;<\/p>\n\n\n\n<p>La diputada presidenta tambi\u00e9n reconoci\u00f3 la labor de maestras y maestros que forman parte de los programas de educaci\u00f3n para adultos, ya que este logro no ser\u00eda posible sin el trabajo en equipo y colaborativo de las y los docentes.&nbsp;<\/p>\n\n\n\n<p>\u201cEse gran compromiso y ese gran trabajo que realizan todas y todos ustedes, de verdad que es extraordinario, muchas gracias por tener esa paciencia y esa entereza, el poder acompa\u00f1ar a nuestros adultos y a nuestros j\u00f3venes\u201d, indic\u00f3.&nbsp;<\/p>\n\n\n\n<p>En la ceremonia tambi\u00e9n estuvieron presentes Delfina Leonor Vargas Gallegos, directora de Educaci\u00f3n para Adultos y Ang\u00e9lica Andrade Guzm\u00e1n, directora acad\u00e9mica de la Subsecretar\u00eda de Educaci\u00f3n Obligatoria, as\u00ed como las diputadas Leonela Jazm\u00edn Mart\u00ednez Ayala y Xel Arianna Hern\u00e1ndez Garc\u00eda.<\/p>\n","protected":false},"excerpt":{"rendered":"<p>Al encabezar la ceremonia de graduaci\u00f3n de Educaci\u00f3n B\u00e1sica para Adultos en el Congreso del Estado, la presidenta de la Junta de Gobierno y Coordinaci\u00f3n Pol\u00edtica, Laura Artemisa Garc\u00eda Ch\u00e1vez se\u00f1al\u00f3 que la educaci\u00f3n es el \u00fanico camino para la transformaci\u00f3n y el cambio social, as\u00ed como una herramienta para seguir adelante y mejorar la [&hellip;]<\/p>\n","protected":false},"author":4,"featured_media":66169,"comment_status":"open","ping_status":"open","sticky":false,"template":"","format":"standard","meta":{"om_disable_all_campaigns":false,"_monsterinsights_skip_tracking":false,"_monsterinsights_sitenote_active":false,"_monsterinsights_sitenote_note":"","_monsterinsights_sitenote_category":0,"footnotes":""},"categories":[175],"tags":[227,223],"class_list":["post-66168","post","type-post","status-publish","format-standard","has-post-thumbnail","hentry","category-local","tag-congreso","tag-puebla"],"amp_enabled":true,"_links":{"self":[{"href":"https:\/\/lahora.mx\/index.php\/wp-json\/wp\/v2\/posts\/66168","targetHints":{"allow":["GET"]}}],"collection":[{"href":"https:\/\/lahora.mx\/index.php\/wp-json\/wp\/v2\/posts"}],"about":[{"href":"https:\/\/lahora.mx\/index.php\/wp-json\/wp\/v2\/types\/post"}],"author":[{"embeddable":true,"href":"https:\/\/lahora.mx\/index.php\/wp-json\/wp\/v2\/users\/4"}],"replies":[{"embeddable":true,"href":"https:\/\/lahora.mx\/index.php\/wp-json\/wp\/v2\/comments?post=66168"}],"version-history":[{"count":1,"href":"https:\/\/lahora.mx\/index.php\/wp-json\/wp\/v2\/posts\/66168\/revisions"}],"predecessor-version":[{"id":66170,"href":"https:\/\/lahora.mx\/index.php\/wp-json\/wp\/v2\/posts\/66168\/revisions\/66170"}],"wp:featuredmedia":[{"embeddable":true,"href":"https:\/\/lahora.mx\/index.php\/wp-json\/wp\/v2\/media\/66169"}],"wp:attachment":[{"href":"https:\/\/lahora.mx\/index.php\/wp-json\/wp\/v2\/media?parent=66168"}],"wp:term":[{"taxonomy":"category","embeddable":true,"href":"https:\/\/lahora.mx\/index.php\/wp-json\/wp\/v2\/categories?post=66168"},{"taxonomy":"post_tag","embeddable":true,"href":"https:\/\/lahora.mx\/index.php\/wp-json\/wp\/v2\/tags?post=66168"}],"curies":[{"name":"wp","href":"https:\/\/api.w.org\/{rel}","templated":true}]}}