{"id":66165,"date":"2025-07-04T20:20:26","date_gmt":"2025-07-04T20:20:26","guid":{"rendered":"https:\/\/lahora.mx\/?p=66165"},"modified":"2025-08-04T20:23:31","modified_gmt":"2025-08-04T20:23:31","slug":"impulsan-en-el-congreso-iniciativa-para-incorporar-en-la-ley-la-responsabilidad-social-empresarial","status":"publish","type":"post","link":"https:\/\/lahora.mx\/index.php\/2025\/07\/04\/impulsan-en-el-congreso-iniciativa-para-incorporar-en-la-ley-la-responsabilidad-social-empresarial\/","title":{"rendered":"Impulsan en el Congreso iniciativa para incorporar en la Ley la Responsabilidad Social Empresarial"},"content":{"rendered":"\n<p>La diputada Beatriz Manrique Guevara present\u00f3 una iniciativa de reforma a la Ley de Desarrollo Econ\u00f3mico Sustentable, con el fin de incorporar la definici\u00f3n de Responsabilidad Social Empresarial, as\u00ed como fomentar su adopci\u00f3n en el sector productivo del estado como herramienta para impulsar pr\u00e1cticas \u00e9ticas, sostenibles y solidarias que fortalezcan la armon\u00eda entre los sectores p\u00fablico, privado y social.<\/p>\n\n\n\n<p>Durante su participaci\u00f3n, la legisladora mencion\u00f3 que se define la Responsabilidad Social Empresarial como el compromiso voluntario que asumen las empresas para integrar dentro de sus operaciones diarias y estrategias de negocios, pr\u00e1cticas \u00e9ticas, sociales, ambientales y econ\u00f3micas para contribuir al desarrollo sostenible, al bienestar de todos sus colaboradores; as\u00ed como la integraci\u00f3n de su preocupaci\u00f3n social e interacciones con todas las partes interesadas vinculadas a&nbsp;&nbsp;su actividad econ\u00f3mica.<\/p>\n\n\n\n<p>La propuesta pretende reformar la fracci\u00f3n X del art\u00edculo 6; y reformar las fracciones XLI bis al art\u00edculo 4, la XXIV al art\u00edculo 5 y la XI al art\u00edculo 9 de la Ley de Desarrollo Econ\u00f3mico Sustentable del Estado de Puebla.<\/p>\n\n\n\n<p>La iniciativa fue turnada a la Comisi\u00f3n de Desarrollo Econ\u00f3mico, para su estudio y resoluci\u00f3n procedente.<\/p>\n\n\n\n<p>Por otra parte, la diputada Araceli Celestino Rosas present\u00f3 una iniciativa de reforma a la Ley para la Protecci\u00f3n del Ambiente Natural y Desarrollo Sustentable, con el objetivo de actualizar la definici\u00f3n de contaminaci\u00f3n lum\u00ednica, en concordancia con lo establecido en la Ley General del Equilibrio Ecol\u00f3gico y la Protecci\u00f3n al Ambiente.&nbsp;<\/p>\n\n\n\n<p>En su propuesta legislativa, la diputada se\u00f1ala que se trata de fortalecer las bases legales para el dise\u00f1o e implementaci\u00f3n de pol\u00edticas p\u00fablicas orientadas a la protecci\u00f3n del cielo nocturno y la reducci\u00f3n de los efectos negativos de la iluminaci\u00f3n artificial mal regulada.<\/p>\n\n\n\n<p>La iniciativa, que propone reformar la fracci\u00f3n XII del art\u00edculo 4 de la Ley para la Protecci\u00f3n del Ambiente Natural y Desarrollo Sustentable del Estado de Puebla, fue dirigida a la Comisi\u00f3n de Medio Ambiente, Recursos Naturales y Cambio Clim\u00e1tico, para su an\u00e1lisis correspondiente.<\/p>\n\n\n\n<p>Asimismo, el diputado Jos\u00e9 Luis Figueroa Cort\u00e9s present\u00f3 una iniciativa de reforma a la Ley de Cambio Clim\u00e1tico, con la finalidad de establecer que corresponde a los Ayuntamientos realizar campa\u00f1as en las escuelas para sensibilizar a los estudiantes sobre la importancia de cuidar el medio ambiente, a trav\u00e9s de faenas de reforestaci\u00f3n.<\/p>\n\n\n\n<p>La iniciativa propone reformar la fracci\u00f3n III del art\u00edculo 13 de la Ley de Cambio Clim\u00e1tico del Estado de Puebla.<\/p>\n\n\n\n<p>Para su estudio procedente, la iniciativa fue turnada a la Comisi\u00f3n de la Agenda 2030.&nbsp;<\/p>\n\n\n\n<p>En su momento, la diputada Mar\u00eda Soledad Amieva Zamora present\u00f3 una iniciativa para reformar y adicionar diversas disposiciones de la Ley del Sistema Estatal de Protecci\u00f3n Civil, con la finalidad de que los Programas Internos contengan informaci\u00f3n adecuada para la correcta capacitaci\u00f3n de las brigadas que conforman las Unidades Internas de Protecci\u00f3n Civil, a efecto de que cuenten con conocimientos para brindar atenci\u00f3n diferenciada a los grupos de personas en situaci\u00f3n de vulnerabilidad.<\/p>\n\n\n\n<p>La propuesta de la legisladora fue dirigida a la Comisi\u00f3n de Protecci\u00f3n Civil, para su an\u00e1lisis procedente.<\/p>\n\n\n\n<p>Asimismo, la diputada Leonela Jazm\u00edn Mart\u00ednez Ayala present\u00f3 una iniciativa para adicionar el art\u00edculo 49 bis a la Ley de Ordenamiento Territorial y Desarrollo Urbano del Estado de Puebla, con el objetivo de reconocer el derecho de los pueblos y comunidades ind\u00edgenas y afromexicanas a participar activamente en los procesos de planeaci\u00f3n territorial, de acuerdo con sus propios sistemas normativos, pr\u00e1cticas culturales y formas de organizaci\u00f3n comunitaria.<\/p>\n\n\n\n<p>La iniciativa fue enviada a la Comisi\u00f3n de Desarrollo Urbano para su estudio y resoluci\u00f3n correspondiente.<\/p>\n\n\n\n<p>Al hacer uso de la palabra, el diputado Rosal\u00edo Zanatta Vidaurri present\u00f3 una iniciativa con la diputada Leonela Jazm\u00edn Mart\u00ednez Ayala para declarar al Municipio de San Gabriel Chilac como \u201cCapital del Ajo del Estado de Puebla\u201d, reconociendo su vocaci\u00f3n agr\u00edcola que genera empleo, arraigo comunitario y continuidad cultural.<\/p>\n\n\n\n<p>La propuesta legislativa fue turnada a la comisi\u00f3n de cultura.<\/p>\n\n\n\n<p>Durante la sesi\u00f3n, el diputado \u00d3scar Mauricio C\u00e9spedes Peregrina present\u00f3 una iniciativa para adicionar el segundo p\u00e1rrafo del art\u00edculo 29 de la Ley de Bienestar Animal del Estado de Puebla, con la finalidad de incluir el abandono como una infracci\u00f3n grave, imponiendo sanciones econ\u00f3micas significativas, trabajo comunitario obligatorio en centros de rescate animal, e incluso penas privativas de libertad en casos reincidentes o que deriven en la muerte del animal.<\/p>\n\n\n\n<p>La iniciativa fue turnada a la Comisi\u00f3n de Medio Ambiente, Recursos Naturales y Cambio Clim\u00e1tico, para su an\u00e1lisis procedente.<\/p>\n\n\n\n<p>En tribuna, la diputada Ang\u00e9lica Patricia Alvarado Ju\u00e1rez present\u00f3 un punto de acuerdo para exhortar a los Ayuntamientos y a los Concejos Municipales para que verifiquen de manera permanente a trav\u00e9s de inspecciones peri\u00f3dicas, que los establecimientos que vendan, distribuyan, almacenen, fabriquen o importen productos agroqu\u00edmicos en sus respectivas jurisdicciones territoriales, cuenten con el certificado de cumplimiento de la NOM-033-FITO-1995.<\/p>\n\n\n\n<p>La propuesta legislativa fue turnada a la Comisi\u00f3n de Asuntos Municipales.&nbsp;<\/p>\n\n\n\n<p>De igual manera, la diputada Esther Mart\u00ednez Romano present\u00f3 un punto de acuerdo para exhortar a las dependencias del Gobierno del Estado de Puebla, especialmente a aquellas que ejercen recurso transversal relacionado con pueblos y comunidades ind\u00edgenas, as\u00ed como a los Ayuntamientos y Concejos Municipales, para que en la difusi\u00f3n de sus convocatorias, programas y acciones consideren la brecha digital que enfrentan los pueblos y comunidades ind\u00edgenas y Afromexicanas.<\/p>\n\n\n\n<p>Para su estudio y dictaminaci\u00f3n procedente, el exhorto fue turnado a la Comisi\u00f3n de Pueblos, Comunidades Ind\u00edgenas y Afromexicanas.<\/p>\n\n\n\n<p>En la sesi\u00f3n p\u00fablica ordinaria, la Mesa Directiva dio cuenta de las siguientes propuestas legislativas:<\/p>\n\n\n\n<p>-Iniciativa de la diputada Norma Estela Pimentel M\u00e9ndez para reformar diversas disposiciones de la Ley del Primer Empleo del Estado de Puebla, con la finalidad de establecer lenguaje incluyente y que el marco normativo cuente con perspectiva de g\u00e9nero.&nbsp;<\/p>\n\n\n\n<p>La iniciativa fue turnada a la Comisi\u00f3n de Trabajo, Competitividad y Previsi\u00f3n Social.<\/p>\n\n\n\n<p>-Iniciativa de las diputadas Beatriz Manrique Guevara y Laura Guadalupe Vargas Vargas para reformar y adicionar diversas disposiciones de la Ley para la Protecci\u00f3n del Ambiente Natural y el Desarrollo Sustentable, a fin de establecer una regulaci\u00f3n de circulaci\u00f3n y\/o uso de veh\u00edculos todo terreno en el interior de las \u00c1reas Naturales Protegidas del Estado de Puebla.&nbsp;<\/p>\n\n\n\n<p>La propuesta legislativa, que propone reformar las fracciones IV y V del art\u00edculo 4; y adicionar las fracciones LVII ter al art\u00edculo 4 y la VI al art\u00edculo 66 de la Ley para la Protecci\u00f3n del Ambiente Natural y el Desarrollo Sustentable del Estado de Puebla, fue enviada a la Comisi\u00f3n de Medio Ambiente, Recursos Naturales y Cambio Clim\u00e1tico.<\/p>\n\n\n\n<p>-Iniciativa de la diputada Leonela Jazm\u00edn Mart\u00ednez Ayala para reformar y adicionar la Ley de Ordenamiento Territorial y Desarrollo Urbano del Estado de Puebla, con el fin de incluir el principio de interseccionalidad en el ordenamiento legal, que permita consolidar una planeaci\u00f3n territorial verdaderamente incluyente, justa y eficaz.<\/p>\n\n\n\n<p>La iniciativa fue dirigida a la Comisi\u00f3n de Desarrollo Urbano para su estudio y resoluci\u00f3n correspondiente.<\/p>\n\n\n\n<p>-Iniciativa del diputado El\u00edas Lozada Ortega y&nbsp;&nbsp;la diputada Leonela Jazm\u00edn Mart\u00ednez Ayala para reformar y adicionar diversas disposiciones de la Ley de Ordenamiento Territorial y Desarrollo Urbano del Estado de Puebla, con la finalidad de reconocer la identidad territorial colectiva para que sea considerada en la planeaci\u00f3n, regulaci\u00f3n y gesti\u00f3n del territorio a los barrios, pueblos originarios y n\u00facleos tradicionales con arraigo hist\u00f3rico, cultural y social dentro de los centros de poblaci\u00f3n, promoviendo su permanencia, integraci\u00f3n y participaci\u00f3n en el desarrollo urbano y territorial.<\/p>\n\n\n\n<p>La propuesta legislativa fue enviada a la Comisi\u00f3n de Desarrollo Urbano.<\/p>\n\n\n\n<p>-Iniciativa de la diputada Leonela Jazm\u00edn Mart\u00ednez Ayala y el diputado El\u00edas Lozada Ortega para adicionar la Ley de Derechos, Cultura y Desarrollo de los Pueblos y Comunidades Ind\u00edgenas, con la finalidad de establecer que las personas ind\u00edgenas desplazadas o en situaci\u00f3n de movilidad dentro del territorio estatal, tendr\u00e1n derecho a recibir protecci\u00f3n integral por parte del Estado, sin discriminaci\u00f3n alguna y con pertinencia cultural, territorial y ling\u00fc\u00edstica.&nbsp;<\/p>\n\n\n\n<p>La iniciativa, que adiciona los art\u00edculos 11 Bis y 17 Ter a la Ley de Derechos, Cultura y Desarrollo de los Pueblos y Comunidades Ind\u00edgenas del Estado de Puebla, fue dirigida a la Comisi\u00f3n de Pueblos, Comunidades Ind\u00edgenas y Afromexicanas.<\/p>\n\n\n\n<p>-Punto de acuerdo de la diputada Leonela Jazm\u00edn Mart\u00ednez Ayala para exhortar al Instituto Poblano de los Pueblos Ind\u00edgenas, para que, a trav\u00e9s de la Direcci\u00f3n de Academia de Lenguas, implementen las acciones necesarias para garantizar la traducci\u00f3n de las disposiciones legales del Estado de Puebla en las lenguas ind\u00edgenas que se hablan en la entidad, a fin de que las personas puedan conocer, comprender y ejercer plenamente sus derechos fundamentales.&nbsp;<\/p>\n\n\n\n<p>El exhorto fue turnado a la Comisi\u00f3n de Pueblos, Comunidades Ind\u00edgenas y Afromexicanas.<\/p>\n","protected":false},"excerpt":{"rendered":"<p>La diputada Beatriz Manrique Guevara present\u00f3 una iniciativa de reforma a la Ley de Desarrollo Econ\u00f3mico Sustentable, con el fin de incorporar la definici\u00f3n de Responsabilidad Social Empresarial, as\u00ed como fomentar su adopci\u00f3n en el sector productivo del estado como herramienta para impulsar pr\u00e1cticas \u00e9ticas, sostenibles y solidarias que fortalezcan la armon\u00eda entre los sectores [&hellip;]<\/p>\n","protected":false},"author":4,"featured_media":66166,"comment_status":"open","ping_status":"open","sticky":false,"template":"","format":"standard","meta":{"om_disable_all_campaigns":false,"_monsterinsights_skip_tracking":false,"_monsterinsights_sitenote_active":false,"_monsterinsights_sitenote_note":"","_monsterinsights_sitenote_category":0,"footnotes":""},"categories":[175],"tags":[227,223],"class_list":["post-66165","post","type-post","status-publish","format-standard","has-post-thumbnail","hentry","category-local","tag-congreso","tag-puebla"],"amp_enabled":true,"_links":{"self":[{"href":"https:\/\/lahora.mx\/index.php\/wp-json\/wp\/v2\/posts\/66165","targetHints":{"allow":["GET"]}}],"collection":[{"href":"https:\/\/lahora.mx\/index.php\/wp-json\/wp\/v2\/posts"}],"about":[{"href":"https:\/\/lahora.mx\/index.php\/wp-json\/wp\/v2\/types\/post"}],"author":[{"embeddable":true,"href":"https:\/\/lahora.mx\/index.php\/wp-json\/wp\/v2\/users\/4"}],"replies":[{"embeddable":true,"href":"https:\/\/lahora.mx\/index.php\/wp-json\/wp\/v2\/comments?post=66165"}],"version-history":[{"count":1,"href":"https:\/\/lahora.mx\/index.php\/wp-json\/wp\/v2\/posts\/66165\/revisions"}],"predecessor-version":[{"id":66167,"href":"https:\/\/lahora.mx\/index.php\/wp-json\/wp\/v2\/posts\/66165\/revisions\/66167"}],"wp:featuredmedia":[{"embeddable":true,"href":"https:\/\/lahora.mx\/index.php\/wp-json\/wp\/v2\/media\/66166"}],"wp:attachment":[{"href":"https:\/\/lahora.mx\/index.php\/wp-json\/wp\/v2\/media?parent=66165"}],"wp:term":[{"taxonomy":"category","embeddable":true,"href":"https:\/\/lahora.mx\/index.php\/wp-json\/wp\/v2\/categories?post=66165"},{"taxonomy":"post_tag","embeddable":true,"href":"https:\/\/lahora.mx\/index.php\/wp-json\/wp\/v2\/tags?post=66165"}],"curies":[{"name":"wp","href":"https:\/\/api.w.org\/{rel}","templated":true}]}}