{"id":66141,"date":"2025-08-04T04:06:28","date_gmt":"2025-08-04T04:06:28","guid":{"rendered":"https:\/\/lahora.mx\/?p=66141"},"modified":"2025-08-04T04:06:28","modified_gmt":"2025-08-04T04:06:28","slug":"smdif-cuautlancingo-y-sipinna-promueven-derechos-de-ninas-ninos-y-adolescentes","status":"publish","type":"post","link":"https:\/\/lahora.mx\/index.php\/2025\/08\/04\/smdif-cuautlancingo-y-sipinna-promueven-derechos-de-ninas-ninos-y-adolescentes\/","title":{"rendered":"SMDIF Cuautlancingo y SIPINNA promueven derechos de ni\u00f1as, ni\u00f1os y adolescentes"},"content":{"rendered":"\n<p>Con el compromiso de fomentar una cultura de respeto y protecci\u00f3n hacia la ni\u00f1ez y garantizar entornos seguros y libres de violencia, el Sistema Municipal para el Desarrollo Integral de la Familia (SMDIF), en coordinaci\u00f3n con SIPINNA (Sistema de Protecci\u00f3n Integral de Ni\u00f1as, Ni\u00f1os y Adolescentes), llev\u00f3 a cabo una pl\u00e1tica informativa sobre los derechos de las ni\u00f1as, ni\u00f1os y adolescentes.<br><br>Durante el evento, la presidenta del SMDIF, Tere Alfaro, destac\u00f3 el valor que cada uno tiene en la sociedad y la importancia de estas pl\u00e1ticas para que tengan conocimiento de la protecci\u00f3n que la ley les otorga como menores de edad y de los derechos que marca la misma en su beneficio.<br><br>\u00abEsto que hacemos es para que ustedes est\u00e9n bien porque son importantes para nosotros y les queremos mucho; deseamos que sean ni\u00f1os grandes, que se esfuercen y alcancen sus sue\u00f1os, pero para lograrlo necesitamos que aprendan y recuerden que cada uno tiene una mente brillante y la capacidad de aprender m\u00e1s de lo que imaginan.\u201d<br><br>Como parte de las actividades se realizaron juegos did\u00e1cticos enfocados en dar a conocer los derechos de la infancia, permitiendo que las y los menores aprendieran de manera l\u00fadica y participativa, fomentando el trabajo en equipo, la comunicaci\u00f3n y el respeto.<\/p>\n\n\n\n<p>El SMDIF Cuautlancingo reafirma su compromiso de seguir trabajando de la mano con instancias estatales y federales, para generar espacios de aprendizaje y concientizaci\u00f3n que contribuyan a la construcci\u00f3n de una sociedad m\u00e1s justa e incluyente para las ni\u00f1as, ni\u00f1os y adolescentes del municipio.<\/p>\n","protected":false},"excerpt":{"rendered":"<p>Con el compromiso de fomentar una cultura de respeto y protecci\u00f3n hacia la ni\u00f1ez y garantizar entornos seguros y libres de violencia, el Sistema Municipal para el Desarrollo Integral de la Familia (SMDIF), en coordinaci\u00f3n con SIPINNA (Sistema de Protecci\u00f3n Integral de Ni\u00f1as, Ni\u00f1os y Adolescentes), llev\u00f3 a cabo una pl\u00e1tica informativa sobre los derechos [&hellip;]<\/p>\n","protected":false},"author":4,"featured_media":66142,"comment_status":"open","ping_status":"open","sticky":false,"template":"","format":"standard","meta":{"om_disable_all_campaigns":false,"_monsterinsights_skip_tracking":false,"_monsterinsights_sitenote_active":false,"_monsterinsights_sitenote_note":"","_monsterinsights_sitenote_category":0,"footnotes":""},"categories":[175],"tags":[],"class_list":["post-66141","post","type-post","status-publish","format-standard","has-post-thumbnail","hentry","category-local"],"amp_enabled":true,"_links":{"self":[{"href":"https:\/\/lahora.mx\/index.php\/wp-json\/wp\/v2\/posts\/66141","targetHints":{"allow":["GET"]}}],"collection":[{"href":"https:\/\/lahora.mx\/index.php\/wp-json\/wp\/v2\/posts"}],"about":[{"href":"https:\/\/lahora.mx\/index.php\/wp-json\/wp\/v2\/types\/post"}],"author":[{"embeddable":true,"href":"https:\/\/lahora.mx\/index.php\/wp-json\/wp\/v2\/users\/4"}],"replies":[{"embeddable":true,"href":"https:\/\/lahora.mx\/index.php\/wp-json\/wp\/v2\/comments?post=66141"}],"version-history":[{"count":1,"href":"https:\/\/lahora.mx\/index.php\/wp-json\/wp\/v2\/posts\/66141\/revisions"}],"predecessor-version":[{"id":66143,"href":"https:\/\/lahora.mx\/index.php\/wp-json\/wp\/v2\/posts\/66141\/revisions\/66143"}],"wp:featuredmedia":[{"embeddable":true,"href":"https:\/\/lahora.mx\/index.php\/wp-json\/wp\/v2\/media\/66142"}],"wp:attachment":[{"href":"https:\/\/lahora.mx\/index.php\/wp-json\/wp\/v2\/media?parent=66141"}],"wp:term":[{"taxonomy":"category","embeddable":true,"href":"https:\/\/lahora.mx\/index.php\/wp-json\/wp\/v2\/categories?post=66141"},{"taxonomy":"post_tag","embeddable":true,"href":"https:\/\/lahora.mx\/index.php\/wp-json\/wp\/v2\/tags?post=66141"}],"curies":[{"name":"wp","href":"https:\/\/api.w.org\/{rel}","templated":true}]}}