{"id":66123,"date":"2025-08-04T01:32:02","date_gmt":"2025-08-04T01:32:02","guid":{"rendered":"https:\/\/lahora.mx\/?p=66123"},"modified":"2025-08-04T01:32:03","modified_gmt":"2025-08-04T01:32:03","slug":"despiden-en-el-panteon-de-la-piedad-a-sergio-segundo-policia-fallecido-en-accidente-destino-final-de-la-autopista","status":"publish","type":"post","link":"https:\/\/lahora.mx\/index.php\/2025\/08\/04\/despiden-en-el-panteon-de-la-piedad-a-sergio-segundo-policia-fallecido-en-accidente-destino-final-de-la-autopista\/","title":{"rendered":"Despiden en el pante\u00f3n de La Piedad a Sergio, segundo polic\u00eda fallecido en accidente Destino Final de la autopista"},"content":{"rendered":"\n<p>Este domingo tambi\u00e9n fueron sepultados los restos del polic\u00eda Sergio Rodr\u00edguez Alarc\u00f3n, quien muri\u00f3 en un accidente ocurrido en la autopista M\u00e9xico-Puebla. Los de \u00e9l, a diferencia de los de su compa\u00f1ero fallecido, yacen en el pante\u00f3n de La Piedad, en la capital poblana.<\/p>\n\n\n\n<p>La tarde de este domingo llegaron al pante\u00f3n de La Piedad los restos de Sergio Rodr\u00edguez Alarc\u00f3n, uno de los dos polic\u00edas que murieron el pasado viernes en un percance vial ocurrido en el segundo piso de la autopista M\u00e9xico-Puebla, a la altura de San Jer\u00f3nimo Caleras.<\/p>\n\n\n\n<p>El cortejo f\u00fanebre arrib\u00f3 antes de las 16:00 horas al pante\u00f3n, donde todos los asistentes vest\u00edan de negro. Algunos, entre l\u00e1grimas, lo despidieron y recordaron como un oficial entregado a su trabajo.<\/p>\n\n\n\n<p>Sergio fue el segundo polic\u00eda en ser sepultado, pues su compa\u00f1ero, Mario Hern\u00e1ndez, fue enterrado horas antes en Amozoc, de donde era originario y donde le dieron el \u00faltimo adi\u00f3s a trav\u00e9s de una misa de cuerpo presente en la capilla de la presidencia.<\/p>\n","protected":false},"excerpt":{"rendered":"<p>Este domingo tambi\u00e9n fueron sepultados los restos del polic\u00eda Sergio Rodr\u00edguez Alarc\u00f3n, quien muri\u00f3 en un accidente ocurrido en la autopista M\u00e9xico-Puebla. Los de \u00e9l, a diferencia de los de su compa\u00f1ero fallecido, yacen en el pante\u00f3n de La Piedad, en la capital poblana. La tarde de este domingo llegaron al pante\u00f3n de La Piedad [&hellip;]<\/p>\n","protected":false},"author":4,"featured_media":66124,"comment_status":"open","ping_status":"open","sticky":false,"template":"","format":"standard","meta":{"om_disable_all_campaigns":false,"_monsterinsights_skip_tracking":false,"_monsterinsights_sitenote_active":false,"_monsterinsights_sitenote_note":"","_monsterinsights_sitenote_category":0,"footnotes":""},"categories":[175],"tags":[223],"class_list":["post-66123","post","type-post","status-publish","format-standard","has-post-thumbnail","hentry","category-local","tag-puebla"],"amp_enabled":true,"_links":{"self":[{"href":"https:\/\/lahora.mx\/index.php\/wp-json\/wp\/v2\/posts\/66123","targetHints":{"allow":["GET"]}}],"collection":[{"href":"https:\/\/lahora.mx\/index.php\/wp-json\/wp\/v2\/posts"}],"about":[{"href":"https:\/\/lahora.mx\/index.php\/wp-json\/wp\/v2\/types\/post"}],"author":[{"embeddable":true,"href":"https:\/\/lahora.mx\/index.php\/wp-json\/wp\/v2\/users\/4"}],"replies":[{"embeddable":true,"href":"https:\/\/lahora.mx\/index.php\/wp-json\/wp\/v2\/comments?post=66123"}],"version-history":[{"count":1,"href":"https:\/\/lahora.mx\/index.php\/wp-json\/wp\/v2\/posts\/66123\/revisions"}],"predecessor-version":[{"id":66125,"href":"https:\/\/lahora.mx\/index.php\/wp-json\/wp\/v2\/posts\/66123\/revisions\/66125"}],"wp:featuredmedia":[{"embeddable":true,"href":"https:\/\/lahora.mx\/index.php\/wp-json\/wp\/v2\/media\/66124"}],"wp:attachment":[{"href":"https:\/\/lahora.mx\/index.php\/wp-json\/wp\/v2\/media?parent=66123"}],"wp:term":[{"taxonomy":"category","embeddable":true,"href":"https:\/\/lahora.mx\/index.php\/wp-json\/wp\/v2\/categories?post=66123"},{"taxonomy":"post_tag","embeddable":true,"href":"https:\/\/lahora.mx\/index.php\/wp-json\/wp\/v2\/tags?post=66123"}],"curies":[{"name":"wp","href":"https:\/\/api.w.org\/{rel}","templated":true}]}}