{"id":66120,"date":"2025-08-04T01:24:57","date_gmt":"2025-08-04T01:24:57","guid":{"rendered":"https:\/\/lahora.mx\/?p=66120"},"modified":"2025-08-04T01:24:58","modified_gmt":"2025-08-04T01:24:58","slug":"solo-con-un-acuerdo-y-terreno-adecuado-se-reubicara-el-penal-de-san-pedro-cholula-menciona-gobernador","status":"publish","type":"post","link":"https:\/\/lahora.mx\/index.php\/2025\/08\/04\/solo-con-un-acuerdo-y-terreno-adecuado-se-reubicara-el-penal-de-san-pedro-cholula-menciona-gobernador\/","title":{"rendered":"Solo con un acuerdo y terreno adecuado se reubicar\u00e1 el penal de San Pedro Cholula menciona gobernador"},"content":{"rendered":"\n<p>El gobernador Alejandro Armenta Mier dijo que \u201cva a haber penal si hay acuerdo y si hay un terreno adecuado\u201d sobre la construcci\u00f3n de un nuevo Centro de Reinserci\u00f3n Social (Cereso) en San Pedro Cholula para reubicar a los internos que actualmente ocupan un inmueble en el centro de ese municipio, por lo que pidi\u00f3 al ayuntamiento encabezado por Tonantzin Fern\u00e1ndez conciliar con quienes se oponen al proyecto.<\/p>\n\n\n\n<p>\u201cEl cambio del penal de Cholula es una necesidad social y yo entiendo que en alg\u00fan municipio pueda haber opiniones diversas, encontradas; entonces es una tarea de conciliaci\u00f3n la que estamos haciendo con el ayuntamiento y los beneficiarios\u201d, dijo el mandatario, quien tambi\u00e9n record\u00f3 que es el \u00fanico reclusorio del estado localizado en un centro.<\/p>\n\n\n\n<p>Aunque el gobierno estatal ten\u00eda previsto iniciar el proyecto de construcci\u00f3n del nuevo penal en San Francisco Coapa, el pr\u00f3ximo a\u00f1o, algunos vecinos se han pronunciado en contra porque consideran que les provocar\u00e1 problemas de inseguridad.<br><br>Ante ello, el gobernador reiter\u00f3 que existen quejas por violaciones a los derechos humanos de los prisioneros, debido a las condiciones de hacinamiento, pero remarc\u00f3 que la autoridad no puede confrontar a la poblaci\u00f3n, sino mediar para encontrar una soluci\u00f3n que beneficie a las partes.<\/p>\n\n\n\n<p>\u201cNosotros recibimos solicitudes de la poblaci\u00f3n que pide que se mueva el penal y nosotros estamos dialogando, no queremos imponer nada, pero \u00bfqu\u00e9 hacemos con los miles de ciudadanos que quieren que se mueva el penal?. No vamos a enfrentar a los que no quieren con los que si quieren y la autoridad municipal tiene que darnos un lugar adecuado donde no haya conflicto\u201d, sostuvo.<\/p>\n\n\n\n<p>Armenta compar\u00f3 el tema con la reubicaci\u00f3n del relleno sanitario que fue clausurado en esa zona y que hasta ahora no ha sido repuesto por falta de consenso para habilitar un nuevo sitio de disposici\u00f3n final de residuos. Exclam\u00f3 que aunque haya voces en contra de los proyectos, tambi\u00e9n se debe entender que se requieren soluciones.<\/p>\n\n\n\n<p>Nosotros como gobierno buscamos di\u00e1logo y conciliaci\u00f3n, pero no podemos cerrar los ojos porque no hay relleno sanitario, por eso es importante analizar integralmente, porque una problem\u00e1tica hay que atenderla<br>remarc\u00f3.<\/p>\n\n\n\n<p>Insisti\u00f3 en que si no se concreta la reubicaci\u00f3n del Cereso no ser\u00e1 por culpa del gobierno estatal, ya que existe disposici\u00f3n para invertir y edificar un lugar adecuado para las personas que enfrentan procedimientos penales.<\/p>\n","protected":false},"excerpt":{"rendered":"<p>El gobernador Alejandro Armenta Mier dijo que \u201cva a haber penal si hay acuerdo y si hay un terreno adecuado\u201d sobre la construcci\u00f3n de un nuevo Centro de Reinserci\u00f3n Social (Cereso) en San Pedro Cholula para reubicar a los internos que actualmente ocupan un inmueble en el centro de ese municipio, por lo que pidi\u00f3 [&hellip;]<\/p>\n","protected":false},"author":4,"featured_media":66121,"comment_status":"open","ping_status":"open","sticky":false,"template":"","format":"standard","meta":{"om_disable_all_campaigns":false,"_monsterinsights_skip_tracking":false,"_monsterinsights_sitenote_active":false,"_monsterinsights_sitenote_note":"","_monsterinsights_sitenote_category":0,"footnotes":""},"categories":[175],"tags":[234,195,223],"class_list":["post-66120","post","type-post","status-publish","format-standard","has-post-thumbnail","hentry","category-local","tag-cholula","tag-principal","tag-puebla"],"amp_enabled":true,"_links":{"self":[{"href":"https:\/\/lahora.mx\/index.php\/wp-json\/wp\/v2\/posts\/66120","targetHints":{"allow":["GET"]}}],"collection":[{"href":"https:\/\/lahora.mx\/index.php\/wp-json\/wp\/v2\/posts"}],"about":[{"href":"https:\/\/lahora.mx\/index.php\/wp-json\/wp\/v2\/types\/post"}],"author":[{"embeddable":true,"href":"https:\/\/lahora.mx\/index.php\/wp-json\/wp\/v2\/users\/4"}],"replies":[{"embeddable":true,"href":"https:\/\/lahora.mx\/index.php\/wp-json\/wp\/v2\/comments?post=66120"}],"version-history":[{"count":1,"href":"https:\/\/lahora.mx\/index.php\/wp-json\/wp\/v2\/posts\/66120\/revisions"}],"predecessor-version":[{"id":66122,"href":"https:\/\/lahora.mx\/index.php\/wp-json\/wp\/v2\/posts\/66120\/revisions\/66122"}],"wp:featuredmedia":[{"embeddable":true,"href":"https:\/\/lahora.mx\/index.php\/wp-json\/wp\/v2\/media\/66121"}],"wp:attachment":[{"href":"https:\/\/lahora.mx\/index.php\/wp-json\/wp\/v2\/media?parent=66120"}],"wp:term":[{"taxonomy":"category","embeddable":true,"href":"https:\/\/lahora.mx\/index.php\/wp-json\/wp\/v2\/categories?post=66120"},{"taxonomy":"post_tag","embeddable":true,"href":"https:\/\/lahora.mx\/index.php\/wp-json\/wp\/v2\/tags?post=66120"}],"curies":[{"name":"wp","href":"https:\/\/api.w.org\/{rel}","templated":true}]}}