{"id":66104,"date":"2025-08-03T17:40:20","date_gmt":"2025-08-03T17:40:20","guid":{"rendered":"https:\/\/lahora.mx\/?p=66104"},"modified":"2025-08-03T17:56:27","modified_gmt":"2025-08-03T17:56:27","slug":"motin-en-penal-de-tuxpan-internos-acusan-extorsion-y-cobro-de-piso","status":"publish","type":"post","link":"https:\/\/lahora.mx\/index.php\/2025\/08\/03\/motin-en-penal-de-tuxpan-internos-acusan-extorsion-y-cobro-de-piso\/","title":{"rendered":"Mot\u00edn en penal de Tuxpan; internos acusan extorsi\u00f3n y cobro de piso"},"content":{"rendered":"\n<p>Un mot\u00edn se registr\u00f3 ayer al interior del Centro Penitenciario de Tuxpan, Veracruz, ubicado en la carretera Tuxpan-Tamiahua, al norte del estado. La Secretar\u00eda de Seguridad P\u00fablica (SSP) inform\u00f3, v\u00eda redes sociales, que se llev\u00f3 a cabo un operativo de contenci\u00f3n.<\/p>\n\n\n\n<p>En grupos de WhatsApp se comparti\u00f3 un video en el que se observa a un grupo de internos que exig\u00edan la presencia de medios de comunicaci\u00f3n. En las im\u00e1genes, los sujetos increpan a los elementos antimotines que llegaron a controlar la situaci\u00f3n.<\/p>\n\n\n\n<p>Asimismo, en algunas grabaciones se ve que reos acusan abusos, cobro de piso y extorsiones de otros internos que presuntamente conforman el \u201cGrupo Sombra\u201d y que se disputan el control del penal.<\/p>\n\n\n\n<p>El video habr\u00eda sido tomado por los mismos reclusos desde el interior del penal. Desde diferentes puntos de la ciudad, ciudadanos reportaron en redes sociales columnas de humo que sal\u00edan del interior del Centro Penitenciario, lo que ocasion\u00f3 la movilizaci\u00f3n de ambulancias y patrullas.<\/p>\n\n\n\n<p>SSP confirma mot\u00edn al interior del Centro Penitenciario de Tuxpan<br>A trav\u00e9s de su cuenta de X, la Secretar\u00eda de Seguridad P\u00fablica de Veracruz confirm\u00f3 que se registr\u00f3 un mot\u00edn al interior del Centro Penitenciario de Tuxpan: \u201cPersonas Privadas de la Libertad efectuaron un amotinamiento, por lo que la Secretar\u00eda de Seguridad P\u00fablica implement\u00f3 de manera inmediata un operativo de contenci\u00f3n y recuperaci\u00f3n\u201d.<\/p>\n\n\n\n<p>Asimismo, se\u00f1alaron que los internos que iniciaron el amotinamiento provocaron incendios al interior del penal, as\u00ed como diversos disturbios que pusieron en riesgo a la comunidad privada de la libertad, por lo que fue necesaria la intervenci\u00f3n de la fuerza p\u00fablica, en coordinaci\u00f3n con la Defensa y Guardia Nacional (GN).<\/p>\n\n\n\n<p>Las personas que resultaron heridas fueron atendidas por la Polic\u00eda Estatal y elementos de la Cruz Roja.<\/p>\n\n\n\n<p>La SSP tambi\u00e9n inform\u00f3 que tres reos identificados como principales generadores del mot\u00edn fueron trasladados.<\/p>\n\n\n\n<p>Hechos de violencia rodean al penal de Tuxpan<\/p>\n\n\n\n<p>Los hechos se dan a casi dos meses del homicidio de Antonio Huesca Figueroa, quien fuera director del Centro Penitenciario de Tuxpan. El funcionario fue asesinado a balazos la noche del pasado 17 de junio en la colonia Centro del municipio.<\/p>\n\n\n\n<p>En las letras tur\u00edsticas de la ciudad, el pasado mes de marzo apareci\u00f3 una manta con amenazas hacia Huesca Figueroa. Presuntamente, tras las intimidaciones, el director fue cambiado de penal, sin embargo, esto nunca fue confirmado por las autoridades.<\/p>\n\n\n\n<p>Otro caso fue el de \u00d3scar V\u00e1squez Cabrera, custodio del penal de Tuxpan, fue privado de su libertad el pasado s\u00e1bado 26 de julio. Los hechos ocurrieron en el bulevar Central Poniente, frente a la colonia An\u00e1huac, en el municipio de Poza Rica.<\/p>\n\n\n\n<p>En redes sociales, circul\u00f3 un video sobre la supuesta confesi\u00f3n que habr\u00eda hecho el custodio a las personas que lo privaron de su libertad.<\/p>\n\n\n\n<p>El funcionario p\u00fablico fue liberado con vida al d\u00eda siguiente, el pasado domingo 27 de julio. Fue localizado cerca del campo deportivo El Volc\u00e1n, de la colonia Santa Emilia, en la ciudad de Poza Rica. Elementos de distintas corporaciones de seguridad lo hallaron y resguardaron. (Con informaci\u00f3n de Carlos Navarrete)<\/p>\n","protected":false},"excerpt":{"rendered":"<p>Un mot\u00edn se registr\u00f3 ayer al interior del Centro Penitenciario de Tuxpan, Veracruz, ubicado en la carretera Tuxpan-Tamiahua, al norte del estado. La Secretar\u00eda de Seguridad P\u00fablica (SSP) inform\u00f3, v\u00eda redes sociales, que se llev\u00f3 a cabo un operativo de contenci\u00f3n. En grupos de WhatsApp se comparti\u00f3 un video en el que se observa a [&hellip;]<\/p>\n","protected":false},"author":4,"featured_media":66105,"comment_status":"open","ping_status":"open","sticky":false,"template":"","format":"standard","meta":{"om_disable_all_campaigns":false,"_monsterinsights_skip_tracking":false,"_monsterinsights_sitenote_active":false,"_monsterinsights_sitenote_note":"","_monsterinsights_sitenote_category":0,"footnotes":""},"categories":[175,226],"tags":[223],"class_list":["post-66104","post","type-post","status-publish","format-standard","has-post-thumbnail","hentry","category-local","category-policia","tag-puebla"],"amp_enabled":true,"_links":{"self":[{"href":"https:\/\/lahora.mx\/index.php\/wp-json\/wp\/v2\/posts\/66104","targetHints":{"allow":["GET"]}}],"collection":[{"href":"https:\/\/lahora.mx\/index.php\/wp-json\/wp\/v2\/posts"}],"about":[{"href":"https:\/\/lahora.mx\/index.php\/wp-json\/wp\/v2\/types\/post"}],"author":[{"embeddable":true,"href":"https:\/\/lahora.mx\/index.php\/wp-json\/wp\/v2\/users\/4"}],"replies":[{"embeddable":true,"href":"https:\/\/lahora.mx\/index.php\/wp-json\/wp\/v2\/comments?post=66104"}],"version-history":[{"count":2,"href":"https:\/\/lahora.mx\/index.php\/wp-json\/wp\/v2\/posts\/66104\/revisions"}],"predecessor-version":[{"id":66107,"href":"https:\/\/lahora.mx\/index.php\/wp-json\/wp\/v2\/posts\/66104\/revisions\/66107"}],"wp:featuredmedia":[{"embeddable":true,"href":"https:\/\/lahora.mx\/index.php\/wp-json\/wp\/v2\/media\/66105"}],"wp:attachment":[{"href":"https:\/\/lahora.mx\/index.php\/wp-json\/wp\/v2\/media?parent=66104"}],"wp:term":[{"taxonomy":"category","embeddable":true,"href":"https:\/\/lahora.mx\/index.php\/wp-json\/wp\/v2\/categories?post=66104"},{"taxonomy":"post_tag","embeddable":true,"href":"https:\/\/lahora.mx\/index.php\/wp-json\/wp\/v2\/tags?post=66104"}],"curies":[{"name":"wp","href":"https:\/\/api.w.org\/{rel}","templated":true}]}}