{"id":66079,"date":"2025-08-01T21:56:20","date_gmt":"2025-08-01T21:56:20","guid":{"rendered":"https:\/\/lahora.mx\/?p=66079"},"modified":"2025-08-01T21:56:20","modified_gmt":"2025-08-01T21:56:20","slug":"puebla-albergara-el-laboratorio-de-innovacion-ciudadana-mas-importante-de-iberoamerica","status":"publish","type":"post","link":"https:\/\/lahora.mx\/index.php\/2025\/08\/01\/puebla-albergara-el-laboratorio-de-innovacion-ciudadana-mas-importante-de-iberoamerica\/","title":{"rendered":"Puebla albergar\u00e1 el Laboratorio de Innovaci\u00f3n Ciudadana m\u00e1s importante de Iberoam\u00e9rica"},"content":{"rendered":"\n<p>La ciudad de Puebla fue seleccionada entre m\u00e1s de 50 postulaciones de ciudades iberoamericanas para albergar el Laboratorio de Innovaci\u00f3n Ciudadana \u2013 LABIC Puebla 2025, un espacio internacional dedicado a la cocreaci\u00f3n de soluciones innovadoras a desaf\u00edos sociales urgentes desde y para los territorios.<\/p>\n\n\n\n<p>Este logro es resultado del compromiso del Gobierno de la Ciudad, encabezado por el presidente municipal Pepe Chedraui, y del trabajo coordinado de la Secretar\u00eda de Medio Ambiente, a cargo de Iv\u00e1n Herrera, quienes han apostado por hacer de la innovaci\u00f3n social una herramienta clave para enfrentar los retos urbanos.<\/p>\n\n\n\n<p>En su edici\u00f3n 2025, el LABIC se enfocar\u00e1 en uno de los temas m\u00e1s apremiantes del contexto urbano: el acceso al agua potable y el saneamiento adecuado en comunidades vulnerables. El evento se llevar\u00e1 a cabo del 13 al 17 de octubre en Puebla, trabajando directamente con la comunidad de Ampliaci\u00f3n Valle del Para\u00edso, una zona hist\u00f3ricamente afectada por la carencia de servicios b\u00e1sicos y la contaminaci\u00f3n del r\u00edo Atoyac, uno de los cuerpos de agua m\u00e1s t\u00f3xicos del pa\u00eds.<\/p>\n\n\n\n<p>El laboratorio es impulsado por la Secretar\u00eda General Iberoamericana (SEGIB) y la Agencia Espa\u00f1ola de Cooperaci\u00f3n Internacional para el Desarrollo (AECID), en colaboraci\u00f3n con el Gobierno de la Ciudad, el Laboratorio de Pr\u00e1cticas y Estudios Socioambientales: Co-Labora, y diversas organizaciones de alcance nacional e internacional.<\/p>\n\n\n\n<p>Actualmente se encuentra abierta la convocatoria nacional de proyectos, dirigida a personas, colectivos e instituciones de cualquier estado de la Rep\u00fablica Mexicana que cuenten con propuestas innovadoras, inclusivas y viables para mejorar la gesti\u00f3n del agua y el saneamiento. Esta convocatoria estar\u00e1 disponible hasta el 10 de agosto de 2025, y se seleccionar\u00e1n hasta cinco proyectos que ser\u00e1n desarrollados en equipos multidisciplinarios con mentor\u00eda t\u00e9cnica, acompa\u00f1amiento territorial y recursos para su prototipado.<\/p>\n\n\n\n<p>Posteriormente, del 18 de agosto al 12 de septiembre, se abrir\u00e1 una segunda convocatoria para personas interesadas en participar como colaboradoras en los equipos seleccionados. Se busca integrar perfiles diversos que, desde sus saberes t\u00e9cnicos, comunitarios, creativos o acad\u00e9micos, contribuyan a la cocreaci\u00f3n de soluciones reales.<\/p>\n\n\n\n<p>El LABIC Puebla 2025 representa una oportunidad estrat\u00e9gica para articular esfuerzos entre ciudadan\u00eda, gobierno e instituciones, orientados a construir soluciones sostenibles desde la innovaci\u00f3n social. Este laboratorio es tambi\u00e9n un espacio de aprendizaje colectivo que conecta el conocimiento ciudadano, t\u00e9cnico y acad\u00e9mico, y se consolida como parte de una red iberoamericana que trabaja en la transformaci\u00f3n de problemas estructurales desde el cruce de saberes.<\/p>\n","protected":false},"excerpt":{"rendered":"<p>La ciudad de Puebla fue seleccionada entre m\u00e1s de 50 postulaciones de ciudades iberoamericanas para albergar el Laboratorio de Innovaci\u00f3n Ciudadana \u2013 LABIC Puebla 2025, un espacio internacional dedicado a la cocreaci\u00f3n de soluciones innovadoras a desaf\u00edos sociales urgentes desde y para los territorios. Este logro es resultado del compromiso del Gobierno de la Ciudad, [&hellip;]<\/p>\n","protected":false},"author":4,"featured_media":66080,"comment_status":"open","ping_status":"open","sticky":false,"template":"","format":"standard","meta":{"om_disable_all_campaigns":false,"_monsterinsights_skip_tracking":false,"_monsterinsights_sitenote_active":false,"_monsterinsights_sitenote_note":"","_monsterinsights_sitenote_category":0,"footnotes":""},"categories":[175,252],"tags":[195,223],"class_list":["post-66079","post","type-post","status-publish","format-standard","has-post-thumbnail","hentry","category-local","category-salud","tag-principal","tag-puebla"],"amp_enabled":true,"_links":{"self":[{"href":"https:\/\/lahora.mx\/index.php\/wp-json\/wp\/v2\/posts\/66079","targetHints":{"allow":["GET"]}}],"collection":[{"href":"https:\/\/lahora.mx\/index.php\/wp-json\/wp\/v2\/posts"}],"about":[{"href":"https:\/\/lahora.mx\/index.php\/wp-json\/wp\/v2\/types\/post"}],"author":[{"embeddable":true,"href":"https:\/\/lahora.mx\/index.php\/wp-json\/wp\/v2\/users\/4"}],"replies":[{"embeddable":true,"href":"https:\/\/lahora.mx\/index.php\/wp-json\/wp\/v2\/comments?post=66079"}],"version-history":[{"count":1,"href":"https:\/\/lahora.mx\/index.php\/wp-json\/wp\/v2\/posts\/66079\/revisions"}],"predecessor-version":[{"id":66081,"href":"https:\/\/lahora.mx\/index.php\/wp-json\/wp\/v2\/posts\/66079\/revisions\/66081"}],"wp:featuredmedia":[{"embeddable":true,"href":"https:\/\/lahora.mx\/index.php\/wp-json\/wp\/v2\/media\/66080"}],"wp:attachment":[{"href":"https:\/\/lahora.mx\/index.php\/wp-json\/wp\/v2\/media?parent=66079"}],"wp:term":[{"taxonomy":"category","embeddable":true,"href":"https:\/\/lahora.mx\/index.php\/wp-json\/wp\/v2\/categories?post=66079"},{"taxonomy":"post_tag","embeddable":true,"href":"https:\/\/lahora.mx\/index.php\/wp-json\/wp\/v2\/tags?post=66079"}],"curies":[{"name":"wp","href":"https:\/\/api.w.org\/{rel}","templated":true}]}}