{"id":66070,"date":"2025-08-01T19:58:10","date_gmt":"2025-08-01T19:58:10","guid":{"rendered":"https:\/\/lahora.mx\/?p=66070"},"modified":"2025-08-01T19:58:10","modified_gmt":"2025-08-01T19:58:10","slug":"encuentran-a-nino-solo-en-la-puebla-orizaba-es-l-cuarta-vez-que-escapa-solo-quiero-encontrar-a-mi-papa","status":"publish","type":"post","link":"https:\/\/lahora.mx\/index.php\/2025\/08\/01\/encuentran-a-nino-solo-en-la-puebla-orizaba-es-l-cuarta-vez-que-escapa-solo-quiero-encontrar-a-mi-papa\/","title":{"rendered":"Encuentran a ni\u00f1o solo en la Puebla-Orizaba, es l cuarta vez que escapa: \u2018Solo quiero encontrar a mi pap\u00e1\u2019"},"content":{"rendered":"\n<p>De nueva cuenta, el menor Jos\u00e9 Armando N., de ocho a\u00f1os de edad, se sali\u00f3 de su domicilio y fue encontrado solo sobre la autopista Puebla-Orizaba, a la altura de Santa Mar\u00eda Xonacatepec. El ni\u00f1o ha sido motivo de diversas Alertas Amber y boletines de b\u00fasqueda.<\/p>\n\n\n\n<p>En la ocasi\u00f3n m\u00e1s reciente, las autoridades lo regresaron a su t\u00eda, ya que no presentaba signos de violencia, aunque confirmaron que estaba bajo una crianza considerada \u201cr\u00edgida\u201d.<\/p>\n\n\n\n<p>Se desconoce el paradero de sus verdaderos padres y el motivo por el cual la t\u00eda tiene la custodia. Cada vez que es hallado en la v\u00eda p\u00fablica, el menor se\u00f1ala que busca a su padre y quiere reunirse con \u00e9l.<\/p>\n\n\n\n<p>En junio de este a\u00f1o, Jos\u00e9 Armando fue reportado como desaparecido por tercera vez. Vecinos afirmaron haberlo visto en el cerro de Amalucan, presuntamente en b\u00fasqueda de su pap\u00e1. Fue grabado mientras caminaba solo, pero ninguna persona intervino, por lo que volvi\u00f3 a extraviarse.<br><br>Posteriormente, la Fiscal\u00eda General del Estado (FGE) emiti\u00f3 una ficha de b\u00fasqueda para localizarlo y horas desp\u00faes anunci\u00f3 que fue encontrado. En las ocasiones anteriores, tambi\u00e9n hab\u00eda sido hallado caminando solo, primero en la caseta de vigilancia del Fraccionamiento Capulines 2 y luego en la zona de Bosques de San Sebasti\u00e1n.<\/p>\n\n\n\n<p>En ese momento, este medio solicit\u00f3 la postura del Sistema Estatal DIF, que comparti\u00f3 la siguiente informaci\u00f3n:<\/p>\n\n\n\n<p>Desde marzo, se inici\u00f3 el reporte 277\/2025 en agravio del ni\u00f1o. En esa misma fecha, su t\u00eda Blanca N. autoriz\u00f3 la valoraci\u00f3n psicol\u00f3gica, m\u00e9dica y visita de trabajo social.<\/p>\n\n\n\n<p>La evaluaci\u00f3n psicol\u00f3gica se\u00f1al\u00f3 que el menor es receptor de un estilo de crianza \u201cr\u00edgido\u201d por parte de su t\u00eda. En la valoraci\u00f3n m\u00e9dica se determin\u00f3 que estaba cl\u00ednicamente sano, sin signos de maltrato f\u00edsico u omisi\u00f3n de cuidados, motivo por el cual fue regresado a su casa.<br><br>Ella present\u00f3 una copia del expediente 5212\/2024 del Juzgado Tercero de lo Familiar del Distrito Judicial de Cuauht\u00e9moc, en el cual se dict\u00f3 una medida urgente de protecci\u00f3n a favor del menor, estableci\u00e9ndola como tutora oficial.<\/p>\n\n\n\n<p>En abril, nuevamente fue presentado por personal de la Secretar\u00eda de Seguridad Ciudadana (SSC), donde recibi\u00f3 contenci\u00f3n emocional. Se reiter\u00f3 su deseo de ver a su padre. La valoraci\u00f3n m\u00e9dica arroj\u00f3 nuevamente que se encontraba sano, sin indicios de maltrato f\u00edsico u omisi\u00f3n de cuidados.<\/p>\n\n\n\n<p>Por ello, fue entregado de nuevo a la custodia de Blanca N., quien a su vez autoriz\u00f3 el resguardo temporal por dos semanas a Benita N., madrina del menor, quien fungir\u00eda como red de apoyo. Y ya no se tiene m\u00e1s informaci\u00f3n.<\/p>\n\n\n\n<p>Sin embargo, este 31 de julio volvi\u00f3 a ser visto en la v\u00eda p\u00fablica. Fue resguardado por elementos de la Polic\u00eda Municipal a bordo de la patrulla PDLC-257. La infancia declar\u00f3 que su intenci\u00f3n era llegar al Parque Industrial Chachapa, donde, seg\u00fan encontrar\u00eda a su padre. Se desconoce si ya fue devuelto a su familia o si permanece en resguardo de las autoridades.<\/p>\n","protected":false},"excerpt":{"rendered":"<p>De nueva cuenta, el menor Jos\u00e9 Armando N., de ocho a\u00f1os de edad, se sali\u00f3 de su domicilio y fue encontrado solo sobre la autopista Puebla-Orizaba, a la altura de Santa Mar\u00eda Xonacatepec. El ni\u00f1o ha sido motivo de diversas Alertas Amber y boletines de b\u00fasqueda. En la ocasi\u00f3n m\u00e1s reciente, las autoridades lo regresaron [&hellip;]<\/p>\n","protected":false},"author":4,"featured_media":66071,"comment_status":"open","ping_status":"open","sticky":false,"template":"","format":"standard","meta":{"om_disable_all_campaigns":false,"_monsterinsights_skip_tracking":false,"_monsterinsights_sitenote_active":false,"_monsterinsights_sitenote_note":"","_monsterinsights_sitenote_category":0,"footnotes":""},"categories":[175,226],"tags":[],"class_list":["post-66070","post","type-post","status-publish","format-standard","has-post-thumbnail","hentry","category-local","category-policia"],"amp_enabled":true,"_links":{"self":[{"href":"https:\/\/lahora.mx\/index.php\/wp-json\/wp\/v2\/posts\/66070","targetHints":{"allow":["GET"]}}],"collection":[{"href":"https:\/\/lahora.mx\/index.php\/wp-json\/wp\/v2\/posts"}],"about":[{"href":"https:\/\/lahora.mx\/index.php\/wp-json\/wp\/v2\/types\/post"}],"author":[{"embeddable":true,"href":"https:\/\/lahora.mx\/index.php\/wp-json\/wp\/v2\/users\/4"}],"replies":[{"embeddable":true,"href":"https:\/\/lahora.mx\/index.php\/wp-json\/wp\/v2\/comments?post=66070"}],"version-history":[{"count":1,"href":"https:\/\/lahora.mx\/index.php\/wp-json\/wp\/v2\/posts\/66070\/revisions"}],"predecessor-version":[{"id":66072,"href":"https:\/\/lahora.mx\/index.php\/wp-json\/wp\/v2\/posts\/66070\/revisions\/66072"}],"wp:featuredmedia":[{"embeddable":true,"href":"https:\/\/lahora.mx\/index.php\/wp-json\/wp\/v2\/media\/66071"}],"wp:attachment":[{"href":"https:\/\/lahora.mx\/index.php\/wp-json\/wp\/v2\/media?parent=66070"}],"wp:term":[{"taxonomy":"category","embeddable":true,"href":"https:\/\/lahora.mx\/index.php\/wp-json\/wp\/v2\/categories?post=66070"},{"taxonomy":"post_tag","embeddable":true,"href":"https:\/\/lahora.mx\/index.php\/wp-json\/wp\/v2\/tags?post=66070"}],"curies":[{"name":"wp","href":"https:\/\/api.w.org\/{rel}","templated":true}]}}