{"id":66067,"date":"2025-08-01T15:02:39","date_gmt":"2025-08-01T15:02:39","guid":{"rendered":"https:\/\/lahora.mx\/?p=66067"},"modified":"2025-08-01T15:02:40","modified_gmt":"2025-08-01T15:02:40","slug":"policia-municipal-de-tlaxcala-atiende-reportaje-ciudadano-y-detiene-a-sujeto-por-alterar-el-orden","status":"publish","type":"post","link":"https:\/\/lahora.mx\/index.php\/2025\/08\/01\/policia-municipal-de-tlaxcala-atiende-reportaje-ciudadano-y-detiene-a-sujeto-por-alterar-el-orden\/","title":{"rendered":"Polic\u00eda municipal de Tlaxcala atiende reportaje ciudadano y detiene a sujeto por alterar el orden"},"content":{"rendered":"\n<p>Elementos de la Direcci\u00f3n de Seguridad, Protecci\u00f3n Ciudadana y Movilidad del Ayuntamiento de Tlaxcala atendieron un reporte ciudadano que deriv\u00f3 en la detenci\u00f3n de un sujeto por alterar el orden p\u00fablico en la comunidad de Santa Mar\u00eda Acuitlapilco.<\/p>\n\n\n\n<p>El incidente se origin\u00f3 tras una llamada al 911 que alertaba sobre la presencia de una persona sospechosa que cargaba un rollo de cable, en el camell\u00f3n central de la carretera Tlaxcala\u2013Puebla.<\/p>\n\n\n\n<p>De inmediato, elementos policiales ubicaron a un hombre con objetos inusuales y actitud evasiva. Al realizar la entrevista preventiva e identificarlo como parte de un procedimiento de rutina, el individuo respondi\u00f3 de forma agresiva y se neg\u00f3 a proporcionar sus datos.<\/p>\n\n\n\n<p>Ante la negativa del sujeto, se solicit\u00f3 apoyo y, al persistir la alteraci\u00f3n del orden, fue detenido conforme al protocolo por cometer una falta administrativa. Luego fue puesto a disposici\u00f3n del Juez Calificador, quien determinar\u00e1 su situaci\u00f3n legal.<\/p>\n\n\n\n<p>Vecinos se\u00f1alaron que el sujeto tiende a este comportamiento constantemente; dem\u00e1s, presuntamente est\u00e1 relacionado con otros probables hechos constitutivos de delito, por lo que se exhorta a la ciudadan\u00eda a que si ha sido v\u00edctima de \u00e9l realice su denuncia formal ante el Ministerio P\u00fablico, a fin de que se proceda conforme a la ley.<\/p>\n","protected":false},"excerpt":{"rendered":"<p>Elementos de la Direcci\u00f3n de Seguridad, Protecci\u00f3n Ciudadana y Movilidad del Ayuntamiento de Tlaxcala atendieron un reporte ciudadano que deriv\u00f3 en la detenci\u00f3n de un sujeto por alterar el orden p\u00fablico en la comunidad de Santa Mar\u00eda Acuitlapilco. El incidente se origin\u00f3 tras una llamada al 911 que alertaba sobre la presencia de una persona [&hellip;]<\/p>\n","protected":false},"author":4,"featured_media":66068,"comment_status":"open","ping_status":"open","sticky":false,"template":"","format":"standard","meta":{"om_disable_all_campaigns":false,"_monsterinsights_skip_tracking":false,"_monsterinsights_sitenote_active":false,"_monsterinsights_sitenote_note":"","_monsterinsights_sitenote_category":0,"footnotes":""},"categories":[175,226],"tags":[],"class_list":["post-66067","post","type-post","status-publish","format-standard","has-post-thumbnail","hentry","category-local","category-policia"],"amp_enabled":true,"_links":{"self":[{"href":"https:\/\/lahora.mx\/index.php\/wp-json\/wp\/v2\/posts\/66067","targetHints":{"allow":["GET"]}}],"collection":[{"href":"https:\/\/lahora.mx\/index.php\/wp-json\/wp\/v2\/posts"}],"about":[{"href":"https:\/\/lahora.mx\/index.php\/wp-json\/wp\/v2\/types\/post"}],"author":[{"embeddable":true,"href":"https:\/\/lahora.mx\/index.php\/wp-json\/wp\/v2\/users\/4"}],"replies":[{"embeddable":true,"href":"https:\/\/lahora.mx\/index.php\/wp-json\/wp\/v2\/comments?post=66067"}],"version-history":[{"count":1,"href":"https:\/\/lahora.mx\/index.php\/wp-json\/wp\/v2\/posts\/66067\/revisions"}],"predecessor-version":[{"id":66069,"href":"https:\/\/lahora.mx\/index.php\/wp-json\/wp\/v2\/posts\/66067\/revisions\/66069"}],"wp:featuredmedia":[{"embeddable":true,"href":"https:\/\/lahora.mx\/index.php\/wp-json\/wp\/v2\/media\/66068"}],"wp:attachment":[{"href":"https:\/\/lahora.mx\/index.php\/wp-json\/wp\/v2\/media?parent=66067"}],"wp:term":[{"taxonomy":"category","embeddable":true,"href":"https:\/\/lahora.mx\/index.php\/wp-json\/wp\/v2\/categories?post=66067"},{"taxonomy":"post_tag","embeddable":true,"href":"https:\/\/lahora.mx\/index.php\/wp-json\/wp\/v2\/tags?post=66067"}],"curies":[{"name":"wp","href":"https:\/\/api.w.org\/{rel}","templated":true}]}}