{"id":66064,"date":"2025-08-01T14:59:02","date_gmt":"2025-08-01T14:59:02","guid":{"rendered":"https:\/\/lahora.mx\/?p=66064"},"modified":"2025-08-01T14:59:03","modified_gmt":"2025-08-01T14:59:03","slug":"caen-funcionarios-de-la-cofradia-que-operaban-en-seguridad-vinculados-al-crimen-organizado","status":"publish","type":"post","link":"https:\/\/lahora.mx\/index.php\/2025\/08\/01\/caen-funcionarios-de-la-cofradia-que-operaban-en-seguridad-vinculados-al-crimen-organizado\/","title":{"rendered":"Caen funcionarios de la COFRADIA que operaban en Seguridad vinculados al crimen organizado"},"content":{"rendered":"\n<p>En el marco de la operaci\u00f3n COFRAD\u00cdA, la Secretar\u00eda de la Defensa Nacional (SEDENA), la Secretar\u00eda de Seguridad y Protecci\u00f3n Ciudadana (SSPC) Federal y el Centro Nacional de Inteligencia, en estrecha coordinaci\u00f3n con la Fiscal\u00eda General del Estado de Puebla (FGE), ejecutaron un despliegue estrat\u00e9gico para desarticular una red de infiltraci\u00f3n del crimen organizado en estructuras de seguridad p\u00fablica, aprehendiendo a exfuncionarios y funcionarios en activo de seguridad p\u00fablica.<br><br>Como resultado de meses de investigaci\u00f3n y labores de inteligencia, se recabaron datos de prueba a trav\u00e9s de los cuales se obtuvieron ordenes de aprehensi\u00f3n, logrando la detenci\u00f3n de Diego N., Lucero N., Jos\u00e9 Manuel N. e Ismael N., quienes presuntamente se encargaban de dar informaci\u00f3n, protecci\u00f3n, y generaban caos en las instituciones, esto como forma de operaci\u00f3n para obstaculizar las investigaciones sobre homicidios, distribuci\u00f3n de droga y operaciones delictivas de alto impacto.<\/p>\n\n\n\n<p>Los cuatro detenidos ser\u00e1n puestos a disposici\u00f3n de la autoridad judicial correspondiente a efecto de resolver su situaci\u00f3n jur\u00eddica.<\/p>\n\n\n\n<p>Con estas acciones de coordinaci\u00f3n interinstitucional lideradas por el Gobierno Federal, se busca combatir y desarticular organizaciones delictivas que cuentan con el apoyo de elementos de seguridad p\u00fablica, reiterando el compromiso de construir instituciones s\u00f3lidas, transparentes y libres de v\u00ednculos con la delincuencia, fundamentales para garantizar la paz y tranquilidad de la sociedad.<\/p>\n","protected":false},"excerpt":{"rendered":"<p>En el marco de la operaci\u00f3n COFRAD\u00cdA, la Secretar\u00eda de la Defensa Nacional (SEDENA), la Secretar\u00eda de Seguridad y Protecci\u00f3n Ciudadana (SSPC) Federal y el Centro Nacional de Inteligencia, en estrecha coordinaci\u00f3n con la Fiscal\u00eda General del Estado de Puebla (FGE), ejecutaron un despliegue estrat\u00e9gico para desarticular una red de infiltraci\u00f3n del crimen organizado en [&hellip;]<\/p>\n","protected":false},"author":4,"featured_media":66065,"comment_status":"open","ping_status":"open","sticky":false,"template":"","format":"standard","meta":{"om_disable_all_campaigns":false,"_monsterinsights_skip_tracking":false,"_monsterinsights_sitenote_active":false,"_monsterinsights_sitenote_note":"","_monsterinsights_sitenote_category":0,"footnotes":""},"categories":[175,226],"tags":[195,223],"class_list":["post-66064","post","type-post","status-publish","format-standard","has-post-thumbnail","hentry","category-local","category-policia","tag-principal","tag-puebla"],"amp_enabled":true,"_links":{"self":[{"href":"https:\/\/lahora.mx\/index.php\/wp-json\/wp\/v2\/posts\/66064","targetHints":{"allow":["GET"]}}],"collection":[{"href":"https:\/\/lahora.mx\/index.php\/wp-json\/wp\/v2\/posts"}],"about":[{"href":"https:\/\/lahora.mx\/index.php\/wp-json\/wp\/v2\/types\/post"}],"author":[{"embeddable":true,"href":"https:\/\/lahora.mx\/index.php\/wp-json\/wp\/v2\/users\/4"}],"replies":[{"embeddable":true,"href":"https:\/\/lahora.mx\/index.php\/wp-json\/wp\/v2\/comments?post=66064"}],"version-history":[{"count":1,"href":"https:\/\/lahora.mx\/index.php\/wp-json\/wp\/v2\/posts\/66064\/revisions"}],"predecessor-version":[{"id":66066,"href":"https:\/\/lahora.mx\/index.php\/wp-json\/wp\/v2\/posts\/66064\/revisions\/66066"}],"wp:featuredmedia":[{"embeddable":true,"href":"https:\/\/lahora.mx\/index.php\/wp-json\/wp\/v2\/media\/66065"}],"wp:attachment":[{"href":"https:\/\/lahora.mx\/index.php\/wp-json\/wp\/v2\/media?parent=66064"}],"wp:term":[{"taxonomy":"category","embeddable":true,"href":"https:\/\/lahora.mx\/index.php\/wp-json\/wp\/v2\/categories?post=66064"},{"taxonomy":"post_tag","embeddable":true,"href":"https:\/\/lahora.mx\/index.php\/wp-json\/wp\/v2\/tags?post=66064"}],"curies":[{"name":"wp","href":"https:\/\/api.w.org\/{rel}","templated":true}]}}