{"id":66061,"date":"2025-08-01T14:40:15","date_gmt":"2025-08-01T14:40:15","guid":{"rendered":"https:\/\/lahora.mx\/?p=66061"},"modified":"2025-08-01T14:40:16","modified_gmt":"2025-08-01T14:40:16","slug":"se-desata-fuga-de-gas-en-movistar-de-avenida-juarez-proteccion-civil-atiende","status":"publish","type":"post","link":"https:\/\/lahora.mx\/index.php\/2025\/08\/01\/se-desata-fuga-de-gas-en-movistar-de-avenida-juarez-proteccion-civil-atiende\/","title":{"rendered":"Se desata fuga de gas en Movistar de Avenida Ju\u00e1rez: Protecci\u00f3n Civil atiende"},"content":{"rendered":"\n<p>La ma\u00f1ana de este viernes 1 de agosto, fue reportada una fuga de gas proveniente de una sucursal de Movistar, sobre la Avenida Ju\u00e1rez, lo cual alert\u00f3 a las personas que se encontraban al rededor, por lo que las autoridades estatales intervinieron.<br><br>Seg\u00fan los datos con los que se cuentan, habr\u00eda comenzado cerca de las 6 de la ma\u00f1ana, cuando dieron aviso inmediato a los servicios de emergencia, quienes enviaron unidades m\u00f3viles para atender el siniestro.<\/p>\n\n\n\n<p>Elementos de la Coordinaci\u00f3n de Protecci\u00f3n Civil Estado de Puebla hicieron las labores correspondientes y brindaron apoyo, lo que permiti\u00f3 controlar la situaci\u00f3n mediante el cierre de v\u00e1lvulas de seguridad.<\/p>\n\n\n\n<p>Asimismo, dieron a conocer que al llegar al lugar, se notific\u00f3 a la empresa responsable para realizar las reparaciones necesarias, mientras que zona fue asegurada y no representa riesgo para la poblaci\u00f3n.<\/p>\n\n\n\n<p>Pese a que no se reportaron personas lesionadas, tampoco se mencionaron acerca de las afectaciones que sufri\u00f3 el local, sin embargo, la situaci\u00f3n fue contenida.<\/p>\n\n\n\n<p>Un reporte parecido se emiti\u00f3 el pasado jueves, por una fuga de gas natural en Xonaca, aunque este se deriv\u00f3 de un robo de medidor y el servicio fue suspendido para evitar riesgos a la poblaci\u00f3n.<\/p>\n","protected":false},"excerpt":{"rendered":"<p>La ma\u00f1ana de este viernes 1 de agosto, fue reportada una fuga de gas proveniente de una sucursal de Movistar, sobre la Avenida Ju\u00e1rez, lo cual alert\u00f3 a las personas que se encontraban al rededor, por lo que las autoridades estatales intervinieron. Seg\u00fan los datos con los que se cuentan, habr\u00eda comenzado cerca de las [&hellip;]<\/p>\n","protected":false},"author":4,"featured_media":66062,"comment_status":"open","ping_status":"open","sticky":false,"template":"","format":"standard","meta":{"om_disable_all_campaigns":false,"_monsterinsights_skip_tracking":false,"_monsterinsights_sitenote_active":false,"_monsterinsights_sitenote_note":"","_monsterinsights_sitenote_category":0,"footnotes":""},"categories":[175],"tags":[195],"class_list":["post-66061","post","type-post","status-publish","format-standard","has-post-thumbnail","hentry","category-local","tag-principal"],"amp_enabled":true,"_links":{"self":[{"href":"https:\/\/lahora.mx\/index.php\/wp-json\/wp\/v2\/posts\/66061","targetHints":{"allow":["GET"]}}],"collection":[{"href":"https:\/\/lahora.mx\/index.php\/wp-json\/wp\/v2\/posts"}],"about":[{"href":"https:\/\/lahora.mx\/index.php\/wp-json\/wp\/v2\/types\/post"}],"author":[{"embeddable":true,"href":"https:\/\/lahora.mx\/index.php\/wp-json\/wp\/v2\/users\/4"}],"replies":[{"embeddable":true,"href":"https:\/\/lahora.mx\/index.php\/wp-json\/wp\/v2\/comments?post=66061"}],"version-history":[{"count":1,"href":"https:\/\/lahora.mx\/index.php\/wp-json\/wp\/v2\/posts\/66061\/revisions"}],"predecessor-version":[{"id":66063,"href":"https:\/\/lahora.mx\/index.php\/wp-json\/wp\/v2\/posts\/66061\/revisions\/66063"}],"wp:featuredmedia":[{"embeddable":true,"href":"https:\/\/lahora.mx\/index.php\/wp-json\/wp\/v2\/media\/66062"}],"wp:attachment":[{"href":"https:\/\/lahora.mx\/index.php\/wp-json\/wp\/v2\/media?parent=66061"}],"wp:term":[{"taxonomy":"category","embeddable":true,"href":"https:\/\/lahora.mx\/index.php\/wp-json\/wp\/v2\/categories?post=66061"},{"taxonomy":"post_tag","embeddable":true,"href":"https:\/\/lahora.mx\/index.php\/wp-json\/wp\/v2\/tags?post=66061"}],"curies":[{"name":"wp","href":"https:\/\/api.w.org\/{rel}","templated":true}]}}