{"id":66058,"date":"2025-08-01T14:38:17","date_gmt":"2025-08-01T14:38:17","guid":{"rendered":"https:\/\/lahora.mx\/?p=66058"},"modified":"2025-08-01T14:38:18","modified_gmt":"2025-08-01T14:38:18","slug":"conagua-pronostica-lluvias-para-este-viernes-1-de-agosto-en-puebla","status":"publish","type":"post","link":"https:\/\/lahora.mx\/index.php\/2025\/08\/01\/conagua-pronostica-lluvias-para-este-viernes-1-de-agosto-en-puebla\/","title":{"rendered":"Conagua pronostica lluvias para este viernes 1 de agosto en Puebla"},"content":{"rendered":"\n<p><strong>Para este viernes 1 de agosto, el clima comenzar\u00e1 con un cielo nublado y a lo largo del d\u00eda se pronostican lluvias de fuerte intensidad en el estado de Puebla, as\u00ed como bancos de niebla en las zonas altas.<\/strong><br><br>De acuerdo al reporte para el centro del pa\u00eds que emiti\u00f3 la Comisi\u00f3n Nacional del Agua (Conagua), el Valle de Serd\u00e1n, as\u00ed como Tehuac\u00e1n-Sierra Negra, ser\u00e1n los lugares en donde se presentar\u00e1n precipitaciones aisladas.<\/p>\n\n\n\n<p>Aunque la presencia de neblina se mantendr\u00e1 en las primeras horas, a lo largo del d\u00eda comenzar\u00e1n a disiparse, sin embargo, alert\u00f3 por riesgos de disminuir la visibilidad en zonas urbanas o tramos carreteros.<\/p>\n\n\n\n<p>A la par, la Coordinaci\u00f3n de Protecci\u00f3n Civil del Estado inform\u00f3 que las temperaturas c\u00e1lidas para este d\u00eda ser\u00e1n de 22 a 25 grados cent\u00edgrados, en Valle de Serd\u00e1n, Valle de Atlixco y Angel\u00f3polis.<\/p>\n\n\n\n<p>M\u00e1s c\u00e1lidas de 27 a 28 grados en Sierras Norte, Nororiental y Negra. No obstante, se registrar\u00e1 una m\u00e1xima extrema de 30 grados cent\u00edgrados para el caso de la Mixteca.<\/p>\n\n\n\n<p>En cuanto a lluvias, se prev\u00e9n que sean de fuerte intensidad acompa\u00f1adas de descargadas el\u00e9ctricas y fuerte ca\u00edda de granizo con acumulados de 25 a 25 mm., en Sierras Norte, Nororiental, Valle de Serd\u00e1n y Angel\u00f3polis.<\/p>\n\n\n\n<p>Adem\u00e1s de moderadas, con acumulados de 15 a 20 mm., en Valle de Atlixco, Mixteca y Sierra Negra. Mientras que los vientos, se estiman vientos del sureste de 20 a kil\u00f3metros por hora y rachas de hasta 50 kil\u00f3metros por hora en la mayor parte del estado.<\/p>\n\n\n\n<p><\/p>\n","protected":false},"excerpt":{"rendered":"<p>Para este viernes 1 de agosto, el clima comenzar\u00e1 con un cielo nublado y a lo largo del d\u00eda se pronostican lluvias de fuerte intensidad en el estado de Puebla, as\u00ed como bancos de niebla en las zonas altas. De acuerdo al reporte para el centro del pa\u00eds que emiti\u00f3 la Comisi\u00f3n Nacional del Agua [&hellip;]<\/p>\n","protected":false},"author":4,"featured_media":66059,"comment_status":"open","ping_status":"open","sticky":false,"template":"","format":"standard","meta":{"om_disable_all_campaigns":false,"_monsterinsights_skip_tracking":false,"_monsterinsights_sitenote_active":false,"_monsterinsights_sitenote_note":"","_monsterinsights_sitenote_category":0,"footnotes":""},"categories":[175],"tags":[195,223],"class_list":["post-66058","post","type-post","status-publish","format-standard","has-post-thumbnail","hentry","category-local","tag-principal","tag-puebla"],"amp_enabled":true,"_links":{"self":[{"href":"https:\/\/lahora.mx\/index.php\/wp-json\/wp\/v2\/posts\/66058","targetHints":{"allow":["GET"]}}],"collection":[{"href":"https:\/\/lahora.mx\/index.php\/wp-json\/wp\/v2\/posts"}],"about":[{"href":"https:\/\/lahora.mx\/index.php\/wp-json\/wp\/v2\/types\/post"}],"author":[{"embeddable":true,"href":"https:\/\/lahora.mx\/index.php\/wp-json\/wp\/v2\/users\/4"}],"replies":[{"embeddable":true,"href":"https:\/\/lahora.mx\/index.php\/wp-json\/wp\/v2\/comments?post=66058"}],"version-history":[{"count":1,"href":"https:\/\/lahora.mx\/index.php\/wp-json\/wp\/v2\/posts\/66058\/revisions"}],"predecessor-version":[{"id":66060,"href":"https:\/\/lahora.mx\/index.php\/wp-json\/wp\/v2\/posts\/66058\/revisions\/66060"}],"wp:featuredmedia":[{"embeddable":true,"href":"https:\/\/lahora.mx\/index.php\/wp-json\/wp\/v2\/media\/66059"}],"wp:attachment":[{"href":"https:\/\/lahora.mx\/index.php\/wp-json\/wp\/v2\/media?parent=66058"}],"wp:term":[{"taxonomy":"category","embeddable":true,"href":"https:\/\/lahora.mx\/index.php\/wp-json\/wp\/v2\/categories?post=66058"},{"taxonomy":"post_tag","embeddable":true,"href":"https:\/\/lahora.mx\/index.php\/wp-json\/wp\/v2\/tags?post=66058"}],"curies":[{"name":"wp","href":"https:\/\/api.w.org\/{rel}","templated":true}]}}