{"id":66048,"date":"2025-08-01T02:38:57","date_gmt":"2025-08-01T02:38:57","guid":{"rendered":"https:\/\/lahora.mx\/?p=66048"},"modified":"2025-08-01T02:38:58","modified_gmt":"2025-08-01T02:38:58","slug":"issstep-impulsa-formacion-de-estomatologos-con-sentido-de-bienestar-para-derechohabiencia","status":"publish","type":"post","link":"https:\/\/lahora.mx\/index.php\/2025\/08\/01\/issstep-impulsa-formacion-de-estomatologos-con-sentido-de-bienestar-para-derechohabiencia\/","title":{"rendered":"ISSSTEP impulsa formaci\u00f3n de estomat\u00f3logos con sentido de bienestar para derechohabiencia"},"content":{"rendered":"\n<p>Cada a\u00f1o, el Gobierno del Estado, a trav\u00e9s del Instituto de Seguridad y Servicios Sociales de los Trabajadores al Servicio de los Poderes del Estado de Puebla (ISSSTEP), contribuye a la formaci\u00f3n de m\u00e9dicos estomat\u00f3logos como parte de su compromiso con la consolidaci\u00f3n del bienestar en materia de seguridad y salud para las y los poblanos. El objetivo primario, no solo es formar profesionales con un elevado nivel t\u00e9cnico y cient\u00edfico, sino tambi\u00e9n, con un profundo sentido de humanismo y responsabilidad.<br><br>En el marco de la Graduaci\u00f3n de Pasantes de Servicio Social de Estomatolog\u00eda, el director general del Instituto, Luis Antonio Godina Herrera, resalt\u00f3 la labor que en este \u00faltimo a\u00f1o emprendi\u00f3 est\u00e1 generaci\u00f3n de nuevos profesionistas de la salud, quienes realizaron un trabajo respaldado en humanismo mexicano y la bio\u00e9tica social que impulsa el gobernador Alejandro Armenta.<\/p>\n\n\n\n<p>\u00abHoy concluyen un a\u00f1o de servicio que va m\u00e1s all\u00e1 de la pr\u00e1ctica cl\u00ednica. Son 27 pasantes quienes rotaron por odontolog\u00eda general, odontopediatr\u00eda y cirug\u00eda maxilofacial. Participaron en unidades de medicina familiar, estancias infantiles, unidades for\u00e1neas y programas como Mensajero de la Salud. Se enfrentaron a realidades humanas complejas y no solo aprendieron a sanar, sino tambi\u00e9n a escuchar y acompa\u00f1ar\u00bb, dijo en su mensaje Godina Herrera.<\/p>\n\n\n\n<p>Esta ceremonia marca un hito institucional y resalta el compromiso del Gobierno de Puebla con la formaci\u00f3n de profesionales de salud p\u00fablica que transforman comunidades. Adem\u00e1s, rinde homenaje a las y los pasantes que culminan su a\u00f1o de servicio social, quienes brindan atenci\u00f3n odontol\u00f3gica en comunidades vulnerables del estado, hecho que consolida al ISSSTEP como un eje de salud, \u00e9tica y profesionalizaci\u00f3n.<\/p>\n\n\n\n<p>Desde 1981, el ISSSTEP ha sido semillero de talento en Odontolog\u00eda. En 1985, se formaliz\u00f3 la incorporaci\u00f3n de pasantes gracias a convenios acad\u00e9micos. Hoy cuenta con 67 plazas federales activas y fortalece su lugar como referente estatal en educaci\u00f3n continua y salud bucal. Es as\u00ed, que el Instituto contribuye a la formaci\u00f3n de profesionales \u00e9ticos, emp\u00e1ticos y altamente capacitados, capaces de responder con excelencia a las necesidades de salud bucal en la comunidad.<\/p>\n\n\n\n<p>Este acontecimiento m\u00e9dico-acad\u00e9mico tambi\u00e9n estuvo presidido por el director del Hospital de Especialidades, Juan Gregorio Montero Garc\u00eda; el secretario general del SUTISSSTEP, \u00c1ngel V\u00e1zquez Flores; la coordinadora administrativa de la Unidad de Medicina Familiar 2, Claudia Denisse Castillo Espidio, en representaci\u00f3n de la jefa del Servicio de Estomatolog\u00eda, Araceli Vargas D\u00edaz; el coordinador general de la Unidad de Desarrollo Estrat\u00e9gico, Antonio Hern\u00e1ndez y Genis y el jefe del Departamento de Ense\u00f1anza e Investigaci\u00f3n, Pierre Mitchel Aristil.<\/p>\n","protected":false},"excerpt":{"rendered":"<p>Cada a\u00f1o, el Gobierno del Estado, a trav\u00e9s del Instituto de Seguridad y Servicios Sociales de los Trabajadores al Servicio de los Poderes del Estado de Puebla (ISSSTEP), contribuye a la formaci\u00f3n de m\u00e9dicos estomat\u00f3logos como parte de su compromiso con la consolidaci\u00f3n del bienestar en materia de seguridad y salud para las y los [&hellip;]<\/p>\n","protected":false},"author":4,"featured_media":66049,"comment_status":"open","ping_status":"open","sticky":false,"template":"","format":"standard","meta":{"om_disable_all_campaigns":false,"_monsterinsights_skip_tracking":false,"_monsterinsights_sitenote_active":false,"_monsterinsights_sitenote_note":"","_monsterinsights_sitenote_category":0,"footnotes":""},"categories":[175],"tags":[239,223],"class_list":["post-66048","post","type-post","status-publish","format-standard","has-post-thumbnail","hentry","category-local","tag-gobierno","tag-puebla"],"amp_enabled":true,"_links":{"self":[{"href":"https:\/\/lahora.mx\/index.php\/wp-json\/wp\/v2\/posts\/66048","targetHints":{"allow":["GET"]}}],"collection":[{"href":"https:\/\/lahora.mx\/index.php\/wp-json\/wp\/v2\/posts"}],"about":[{"href":"https:\/\/lahora.mx\/index.php\/wp-json\/wp\/v2\/types\/post"}],"author":[{"embeddable":true,"href":"https:\/\/lahora.mx\/index.php\/wp-json\/wp\/v2\/users\/4"}],"replies":[{"embeddable":true,"href":"https:\/\/lahora.mx\/index.php\/wp-json\/wp\/v2\/comments?post=66048"}],"version-history":[{"count":1,"href":"https:\/\/lahora.mx\/index.php\/wp-json\/wp\/v2\/posts\/66048\/revisions"}],"predecessor-version":[{"id":66050,"href":"https:\/\/lahora.mx\/index.php\/wp-json\/wp\/v2\/posts\/66048\/revisions\/66050"}],"wp:featuredmedia":[{"embeddable":true,"href":"https:\/\/lahora.mx\/index.php\/wp-json\/wp\/v2\/media\/66049"}],"wp:attachment":[{"href":"https:\/\/lahora.mx\/index.php\/wp-json\/wp\/v2\/media?parent=66048"}],"wp:term":[{"taxonomy":"category","embeddable":true,"href":"https:\/\/lahora.mx\/index.php\/wp-json\/wp\/v2\/categories?post=66048"},{"taxonomy":"post_tag","embeddable":true,"href":"https:\/\/lahora.mx\/index.php\/wp-json\/wp\/v2\/tags?post=66048"}],"curies":[{"name":"wp","href":"https:\/\/api.w.org\/{rel}","templated":true}]}}