{"id":66042,"date":"2025-08-01T02:33:35","date_gmt":"2025-08-01T02:33:35","guid":{"rendered":"https:\/\/lahora.mx\/?p=66042"},"modified":"2025-08-01T02:33:35","modified_gmt":"2025-08-01T02:33:35","slug":"gobierno-federal-reconoce-labor-de-puebla-en-materia-de-prevencion-ante-emergencia-volcanica","status":"publish","type":"post","link":"https:\/\/lahora.mx\/index.php\/2025\/08\/01\/gobierno-federal-reconoce-labor-de-puebla-en-materia-de-prevencion-ante-emergencia-volcanica\/","title":{"rendered":"Gobierno federal reconoce labor de Puebla en materia de prevenci\u00f3n ante emergencia volc\u00e1nica"},"content":{"rendered":"\n<p>Con el prop\u00f3sito de evaluar el estado de los caminos, la Coordinadora Nacional de Protecci\u00f3n Civil y el mandatario estatal supervisaron la Ruta N\u00ba 2 y el Refugio Temporal ubicado en la Unidad Deportiva Tlachtli, donde se resalt\u00f3 la coordinaci\u00f3n entre la Guardia Nacional, Secretar\u00eda de Marina, Defensa, Seguridad P\u00fablica, Protecci\u00f3n Civil y los ayuntamientos, para reforzar la protecci\u00f3n de la poblaci\u00f3n.<\/p>\n\n\n\n<p>La Coordinadora Nacional de Protecci\u00f3n Civil, Laura Vel\u00e1zquez Alz\u00faa, reconoci\u00f3 el trabajo y la eficacia del Gobierno de Puebla en materia de prevenci\u00f3n, al destacar las buenas condiciones en las que se encuentran las Rutas de Evacuaci\u00f3n del Volc\u00e1n Popocat\u00e9petl.<\/p>\n\n\n\n<p>\u00abTodo el recurso que se le da a la Protecci\u00f3n Civil es inversi\u00f3n y aqu\u00ed se nota que hay una inversi\u00f3n importante\u00bb, asegur\u00f3.<\/p>\n\n\n\n<p>Laura Vel\u00e1zquez Alz\u00faa recalc\u00f3 que, para el Gobierno de la presidenta de M\u00e9xico, Claudia Sheinbaum, proteger a la poblaci\u00f3n es una prioridad, por ello, inform\u00f3 que el pr\u00f3ximo 4 y 5 de agosto los tres niveles de gobierno recorrer\u00e1n las 10 rutas del Estado, lo que comprende 600 kil\u00f3metros de longitud.<\/p>\n\n\n\n<p>Asimismo, recorrer\u00e1n las Rutas de Evacuaci\u00f3n de los Estados de M\u00e9xico, Tlaxcala y Morelos, a fin de conocer las condiciones de los caminos y el conocimiento de la poblaci\u00f3n de dichas rutas.<\/p>\n\n\n\n<p>Adem\u00e1s, expres\u00f3 su reconocimiento por el trabajo de la Coordinaci\u00f3n Estatal de Protecci\u00f3n Civil y Gesti\u00f3n de Riesgos. ya que dijo, se pudo constatar que est\u00e1 bien delimitada la ruta.<\/p>\n\n\n\n<p>Con la premisa que la paz y seguridad de la poblaci\u00f3n es una prioridad, el gobernador de Puebla, Alejandro Armenta, refiri\u00f3 que durante el recorrido de Santiago Xalitzintla hasta el Refugio Temporal ubicado en la Unidad Deportiva Tlachtli, observaron que la participaci\u00f3n de la comunidad ha sido muy importante al respetar la se\u00f1al\u00e9tica. Resalt\u00f3 la instalaci\u00f3n de maquinaria para atender las rutas de evacuaci\u00f3n.<\/p>\n\n\n\n<p>El ejecutivo estatal refiri\u00f3 que en Puebla se trabaja bajo la directriz de la presidenta de M\u00e9xico, Claudia Sheinbaum, \u00abEntendemos que gobernar es prevenir, una vida salvada, vale la pena cualquier inversi\u00f3n\u201d. Adem\u00e1s, reconoci\u00f3 que prevalece una estricta coordinaci\u00f3n con la Guardia Nacional, Marina y Defensa. \u00abNos han respaldado en todo, y hay una coordinaci\u00f3n aut\u00e9ntica entre el estado, municipios y la federaci\u00f3n. La presidenta est\u00e1 muy pendiente de Puebla, nos est\u00e1 cuidando y protegiendo\u00bb, enfatiz\u00f3 el gobernador.<\/p>\n\n\n\n<p>En tanto, el coordinador Estatal de Protecci\u00f3n Civil, Bernab\u00e9 L\u00f3pez Santos, inform\u00f3 que han trabajado en la gesti\u00f3n de riesgos, y de manera preventiva se han instalado 15 Comit\u00e9s Comunitarios en localidades aleda\u00f1as al Volc\u00e1n Popocat\u00e9petl, para generar capacidad de respuesta ante un posible siniestro. Adem\u00e1s dijo que se han colocado 104 se\u00f1ales preventivas en las Rutas de Evacuaci\u00f3n y se han impartido cursos de Gesti\u00f3n de Riesgos a m\u00e1s de 32 directores de Protecci\u00f3n Civil.<\/p>\n","protected":false},"excerpt":{"rendered":"<p>Con el prop\u00f3sito de evaluar el estado de los caminos, la Coordinadora Nacional de Protecci\u00f3n Civil y el mandatario estatal supervisaron la Ruta N\u00ba 2 y el Refugio Temporal ubicado en la Unidad Deportiva Tlachtli, donde se resalt\u00f3 la coordinaci\u00f3n entre la Guardia Nacional, Secretar\u00eda de Marina, Defensa, Seguridad P\u00fablica, Protecci\u00f3n Civil y los ayuntamientos, [&hellip;]<\/p>\n","protected":false},"author":4,"featured_media":66043,"comment_status":"open","ping_status":"open","sticky":false,"template":"","format":"standard","meta":{"om_disable_all_campaigns":false,"_monsterinsights_skip_tracking":false,"_monsterinsights_sitenote_active":false,"_monsterinsights_sitenote_note":"","_monsterinsights_sitenote_category":0,"footnotes":""},"categories":[175],"tags":[239,195,223],"class_list":["post-66042","post","type-post","status-publish","format-standard","has-post-thumbnail","hentry","category-local","tag-gobierno","tag-principal","tag-puebla"],"amp_enabled":true,"_links":{"self":[{"href":"https:\/\/lahora.mx\/index.php\/wp-json\/wp\/v2\/posts\/66042","targetHints":{"allow":["GET"]}}],"collection":[{"href":"https:\/\/lahora.mx\/index.php\/wp-json\/wp\/v2\/posts"}],"about":[{"href":"https:\/\/lahora.mx\/index.php\/wp-json\/wp\/v2\/types\/post"}],"author":[{"embeddable":true,"href":"https:\/\/lahora.mx\/index.php\/wp-json\/wp\/v2\/users\/4"}],"replies":[{"embeddable":true,"href":"https:\/\/lahora.mx\/index.php\/wp-json\/wp\/v2\/comments?post=66042"}],"version-history":[{"count":1,"href":"https:\/\/lahora.mx\/index.php\/wp-json\/wp\/v2\/posts\/66042\/revisions"}],"predecessor-version":[{"id":66044,"href":"https:\/\/lahora.mx\/index.php\/wp-json\/wp\/v2\/posts\/66042\/revisions\/66044"}],"wp:featuredmedia":[{"embeddable":true,"href":"https:\/\/lahora.mx\/index.php\/wp-json\/wp\/v2\/media\/66043"}],"wp:attachment":[{"href":"https:\/\/lahora.mx\/index.php\/wp-json\/wp\/v2\/media?parent=66042"}],"wp:term":[{"taxonomy":"category","embeddable":true,"href":"https:\/\/lahora.mx\/index.php\/wp-json\/wp\/v2\/categories?post=66042"},{"taxonomy":"post_tag","embeddable":true,"href":"https:\/\/lahora.mx\/index.php\/wp-json\/wp\/v2\/tags?post=66042"}],"curies":[{"name":"wp","href":"https:\/\/api.w.org\/{rel}","templated":true}]}}