{"id":65970,"date":"2025-07-31T01:24:20","date_gmt":"2025-07-31T01:24:20","guid":{"rendered":"https:\/\/lahora.mx\/?p=65970"},"modified":"2025-07-31T01:24:20","modified_gmt":"2025-07-31T01:24:20","slug":"la-barredora-que-opera-en-puebla-es-distinta-a-la-de-tabasco-pero-del-mismo-grupo-criminal-ssp","status":"publish","type":"post","link":"https:\/\/lahora.mx\/index.php\/2025\/07\/31\/la-barredora-que-opera-en-puebla-es-distinta-a-la-de-tabasco-pero-del-mismo-grupo-criminal-ssp\/","title":{"rendered":"La Barredora que opera en Puebla es distinta a la de Tabasco, pero del mismo grupo criminal: SSP"},"content":{"rendered":"\n<p>\u201cLa barredora\u201d, que opera en la entidad poblana es un grupo delictivo distinto al que tiene presencia en Tabasco; sin embargo, forman parte de la misma organizaci\u00f3n criminal a nivel nacional, dijo el titular de la Secretar\u00eda de Seguridad P\u00fablica, Francisco S\u00e1nchez Gonz\u00e1lez.<\/p>\n\n\n\n<p>Luego de que la Fiscal\u00eda General del Estado (FGE) logr\u00f3 la detenci\u00f3n de \u00c1ngel Javier N., alias \u201cEl Caiser\u201d o \u201cEl angelito\u201d, que pertenece al Grupo de La barredora en Tabasco, el responsable de la seguridad en Puebla expuso que el personaje no estaba operando en la entidad, pero vino a refugiarse debido a los operativos desplegados en aquella entidad.<\/p>\n\n\n\n<p>\u201cObviamente al momento en que las autoridades se est\u00e1n enfocando al estado ellos buscan la manera de escabullirse. (El Caiser) no estaba haciendo actividades delictivas, seguramente se encontraba aqu\u00ed esperando a que pasaran los operativos en ese estado\u201d, declar\u00f3.<\/p>\n\n\n\n<p>S\u00e1nchez remarc\u00f3 que no es la primera ocasi\u00f3n que se logra la detenci\u00f3n de un objetivo prioritario para otra entidad en territorio poblano, ya que dicho grupo criminal est\u00e1 siendo fuertemente combatido por la autoridad a nivel federal y por eso se han segregado con diferentes actividades delictivas.<br>Clausura SSP empresa de traslado de valores por informes falsos<br>La compa\u00f1\u00eda prestaba servicios a supermercados de San Andr\u00e9s Cholula y la capital del estado<br>\u201cEstos son, podemos llamarle grupos que se asientan en diferentes estados, las actividades, algunas coinciden, por ejemplo, el huachicoleo aqu\u00ed en el estado y all\u00e1 en Tabasco tambi\u00e9n, pero nosotros no tenemos identificado en migrantes, en eso se diferencian pero evidentemente trabajan para la misma organizaci\u00f3n\u201d, dijo.<\/p>\n\n\n\n<p>Arcos de seguridad carecen de condiciones de habitabilidad<br>En otro orden de ideas, el titular de la SSP dio a conocer que los siete arcos de seguridad en la entidad poblana carecen de condiciones de habitabilidad, por lo que se est\u00e1 efectuando una revisi\u00f3n de las instalaciones para mejorarlas y garantizar que tengan certeza jur\u00eddica.<\/p>\n\n\n\n<p>S\u00e1nchez expres\u00f3 que si los terrenos en donde est\u00e1n construidos los arcos no cuentan con escrituras se dificultar\u00eda invertir recursos para mejorarlos, lo que es necesario porque requieren obras para habilitar dormitorios e instalar servicios p\u00fablicos como electricidad.<\/p>\n\n\n\n<p><br>Asesinan a motociclista en San Baltazar Campeche frente a su pareja sentimental<br>Este crimen se suma al ocurrido sobre la calle 45 Norte en la junta auxiliar de San Jer\u00f3nimo Caleras<br>\u201cEl arco tiene una funci\u00f3n, debe contar con aparatos, rayos gama, identificadores de seres humanos, armas y drogas, tecnolog\u00eda conectada al C5, en tecnolog\u00eda les puedo decir que funcionan algunas cosas y hay cuestiones de habitabilidad que debemos corregir porque es la parte que no tienen\u201d, dijo.<\/p>\n\n\n\n<p>Por \u00faltimo y cuestionado sobre las mantas que fueron colocadas en Teotlalco y Jolalpan, en las que los habitantes se\u00f1alaron a autoridades como \u201crateros de ganado\u201d, declar\u00f3 que la dependencia revisar\u00e1 el desempe\u00f1o de la policia estatal y de los efectivos municipales en ambas demarcaciones.<\/p>\n","protected":false},"excerpt":{"rendered":"<p>\u201cLa barredora\u201d, que opera en la entidad poblana es un grupo delictivo distinto al que tiene presencia en Tabasco; sin embargo, forman parte de la misma organizaci\u00f3n criminal a nivel nacional, dijo el titular de la Secretar\u00eda de Seguridad P\u00fablica, Francisco S\u00e1nchez Gonz\u00e1lez. Luego de que la Fiscal\u00eda General del Estado (FGE) logr\u00f3 la detenci\u00f3n [&hellip;]<\/p>\n","protected":false},"author":4,"featured_media":65971,"comment_status":"open","ping_status":"open","sticky":false,"template":"","format":"standard","meta":{"om_disable_all_campaigns":false,"_monsterinsights_skip_tracking":false,"_monsterinsights_sitenote_active":false,"_monsterinsights_sitenote_note":"","_monsterinsights_sitenote_category":0,"footnotes":""},"categories":[175],"tags":[195,223],"class_list":["post-65970","post","type-post","status-publish","format-standard","has-post-thumbnail","hentry","category-local","tag-principal","tag-puebla"],"amp_enabled":true,"_links":{"self":[{"href":"https:\/\/lahora.mx\/index.php\/wp-json\/wp\/v2\/posts\/65970","targetHints":{"allow":["GET"]}}],"collection":[{"href":"https:\/\/lahora.mx\/index.php\/wp-json\/wp\/v2\/posts"}],"about":[{"href":"https:\/\/lahora.mx\/index.php\/wp-json\/wp\/v2\/types\/post"}],"author":[{"embeddable":true,"href":"https:\/\/lahora.mx\/index.php\/wp-json\/wp\/v2\/users\/4"}],"replies":[{"embeddable":true,"href":"https:\/\/lahora.mx\/index.php\/wp-json\/wp\/v2\/comments?post=65970"}],"version-history":[{"count":1,"href":"https:\/\/lahora.mx\/index.php\/wp-json\/wp\/v2\/posts\/65970\/revisions"}],"predecessor-version":[{"id":65972,"href":"https:\/\/lahora.mx\/index.php\/wp-json\/wp\/v2\/posts\/65970\/revisions\/65972"}],"wp:featuredmedia":[{"embeddable":true,"href":"https:\/\/lahora.mx\/index.php\/wp-json\/wp\/v2\/media\/65971"}],"wp:attachment":[{"href":"https:\/\/lahora.mx\/index.php\/wp-json\/wp\/v2\/media?parent=65970"}],"wp:term":[{"taxonomy":"category","embeddable":true,"href":"https:\/\/lahora.mx\/index.php\/wp-json\/wp\/v2\/categories?post=65970"},{"taxonomy":"post_tag","embeddable":true,"href":"https:\/\/lahora.mx\/index.php\/wp-json\/wp\/v2\/tags?post=65970"}],"curies":[{"name":"wp","href":"https:\/\/api.w.org\/{rel}","templated":true}]}}