{"id":6594,"date":"2022-05-06T22:05:53","date_gmt":"2022-05-06T22:05:53","guid":{"rendered":"http:\/\/lahora.mx\/?p=6594"},"modified":"2022-05-06T22:05:54","modified_gmt":"2022-05-06T22:05:54","slug":"bloquean-la-entrada-a-misiones-de-san-francisco-exigen-la-localizacion-de-3-jovenes-desaparecidos","status":"publish","type":"post","link":"https:\/\/lahora.mx\/index.php\/2022\/05\/06\/bloquean-la-entrada-a-misiones-de-san-francisco-exigen-la-localizacion-de-3-jovenes-desaparecidos\/","title":{"rendered":"Bloquean la entrada a Misiones de San Francisco; exigen la localizaci\u00f3n de 3 j\u00f3venes desaparecidos"},"content":{"rendered":"\n<p>Este viernes la\u00a0<strong>familia de los hermanos\u00a0 Jos\u00e9 Israel, Brayan y Adolfo\u00a0<\/strong>quienes\u00a0<strong>desaparecieron hace seis d\u00edas<\/strong>\u00a0en\u00a0<strong>Misiones de San Francisco<\/strong>, bloquearon el Perif\u00e9rico Ecol\u00f3gico con el fin de\u00a0<strong>exigir justicia<\/strong>\u00a0y que\u00a0<strong>act\u00faen r\u00e1pidamente<\/strong>\u00a0para\u00a0<strong>localizarlos<\/strong>.<br>Hoy viernes se\u00a0 cumplieron\u00a0<strong>seis d\u00edas de que Israel, Brayan y Adolfo de 24, 17 y 16 a\u00f1os est\u00e1n\u00a0 desaparecidos\u00a0<\/strong>luego de que asistieron al\u00a0<strong>botanero \u201c24 horas\u201d<\/strong>, ubicado en\u00a0<strong>Coronango<\/strong>, sin embargo, ya\u00a0<strong>no regresaron a casa<\/strong>\u00a0y su familia teme que sean v\u00edctimas de alguna banda criminal, por lo que desesperados de que las autoridades volteen a ver su caso,\u00a0<strong>bloquearon este d\u00eda el Perif\u00e9rico<\/strong>.<br><\/p>\n\n\n\n<p>Ante ello con\u00a0<strong>pancartas en mano y los boletines de b\u00fasqueda<\/strong>\u00a0de los hermanos,\u00a0<strong>cerraron el paso vehicular<\/strong>\u00a0justo en la\u00a0<strong>entrada de Misiones de San Francisco<\/strong>\u00a0y comenzaron a\u00a0<strong>exigir justicia<\/strong>, incluso\u00a0<strong>quemaron algunas llantas<\/strong>.<\/p>\n\n\n\n<p>En ese sentido, los familiares de los ahora desaparecidos\u00a0<strong>Israel Sill Camarillo, Brayan Moreno Sill y Adolfo Moreno Sill<\/strong>, exigen que la\u00a0<strong>Fiscal\u00eda General del Estado (FGE)<\/strong>\u00a0agilice la\u00a0<strong>b\u00fasqueda d<\/strong>e estos tres j\u00f3venes.<br>En el lugar ya se encuentran elementos de la\u00a0<strong>Secretar\u00eda de Seguridad Ciudadana del municipio<\/strong>, sin embargo, hasta el momento\u00a0<strong>la situaci\u00f3n no se ha salido de control<\/strong>.<br><\/p>\n","protected":false},"excerpt":{"rendered":"<p>Este viernes la\u00a0familia de los hermanos\u00a0 Jos\u00e9 Israel, Brayan y Adolfo\u00a0quienes\u00a0desaparecieron hace seis d\u00edas\u00a0en\u00a0Misiones de San Francisco, bloquearon el Perif\u00e9rico Ecol\u00f3gico con el fin de\u00a0exigir justicia\u00a0y que\u00a0act\u00faen r\u00e1pidamente\u00a0para\u00a0localizarlos.Hoy viernes se\u00a0 cumplieron\u00a0seis d\u00edas de que Israel, Brayan y Adolfo de 24, 17 y 16 a\u00f1os est\u00e1n\u00a0 desaparecidos\u00a0luego de que asistieron al\u00a0botanero \u201c24 horas\u201d, ubicado en\u00a0Coronango, sin [&hellip;]<\/p>\n","protected":false},"author":4,"featured_media":6595,"comment_status":"open","ping_status":"open","sticky":false,"template":"","format":"standard","meta":{"om_disable_all_campaigns":false,"_monsterinsights_skip_tracking":false,"_monsterinsights_sitenote_active":false,"_monsterinsights_sitenote_note":"","_monsterinsights_sitenote_category":0,"footnotes":""},"categories":[175],"tags":[223],"class_list":["post-6594","post","type-post","status-publish","format-standard","has-post-thumbnail","hentry","category-local","tag-puebla"],"amp_enabled":true,"_links":{"self":[{"href":"https:\/\/lahora.mx\/index.php\/wp-json\/wp\/v2\/posts\/6594","targetHints":{"allow":["GET"]}}],"collection":[{"href":"https:\/\/lahora.mx\/index.php\/wp-json\/wp\/v2\/posts"}],"about":[{"href":"https:\/\/lahora.mx\/index.php\/wp-json\/wp\/v2\/types\/post"}],"author":[{"embeddable":true,"href":"https:\/\/lahora.mx\/index.php\/wp-json\/wp\/v2\/users\/4"}],"replies":[{"embeddable":true,"href":"https:\/\/lahora.mx\/index.php\/wp-json\/wp\/v2\/comments?post=6594"}],"version-history":[{"count":1,"href":"https:\/\/lahora.mx\/index.php\/wp-json\/wp\/v2\/posts\/6594\/revisions"}],"predecessor-version":[{"id":6596,"href":"https:\/\/lahora.mx\/index.php\/wp-json\/wp\/v2\/posts\/6594\/revisions\/6596"}],"wp:featuredmedia":[{"embeddable":true,"href":"https:\/\/lahora.mx\/index.php\/wp-json\/wp\/v2\/media\/6595"}],"wp:attachment":[{"href":"https:\/\/lahora.mx\/index.php\/wp-json\/wp\/v2\/media?parent=6594"}],"wp:term":[{"taxonomy":"category","embeddable":true,"href":"https:\/\/lahora.mx\/index.php\/wp-json\/wp\/v2\/categories?post=6594"},{"taxonomy":"post_tag","embeddable":true,"href":"https:\/\/lahora.mx\/index.php\/wp-json\/wp\/v2\/tags?post=6594"}],"curies":[{"name":"wp","href":"https:\/\/api.w.org\/{rel}","templated":true}]}}